{"id":738,"date":"2017-07-03T13:11:35","date_gmt":"2017-07-03T12:11:35","guid":{"rendered":"http:\/\/www.gsara.tv\/charleroi\/sites_d_ateliers\/radio45\/?p=738"},"modified":"2017-10-27T13:49:10","modified_gmt":"2017-10-27T12:49:10","slug":"fete-des-ateliers-du-p45","status":"publish","type":"post","link":"https:\/\/www.gsara.tv\/charleroi\/sites_d_ateliers\/radio45\/2017\/07\/03\/fete-des-ateliers-du-p45\/","title":{"rendered":"F\u00eate des Ateliers du P45"},"content":{"rendered":"<p>C&rsquo;est maintenant les vacances.<br \/>\nNous \u00e9tions pr\u00e9sent pour la f\u00eate des Ateliers du Passage 45, en voici quelques moments immortalis\u00e9s par J\u00e9r\u00f4me, <span class=\" _50f4\">Lorena, Rose &amp; Holy Noise<\/span>.<br \/>\nCopyleft : Passage 45 \/ Gsara Charleroi<\/p>\n<p>[ngg_images source=\u00a0\u00bbgalleries\u00a0\u00bb container_ids=\u00a0\u00bb18&Prime; display_type=\u00a0\u00bbphotocrati-nextgen_basic_slideshow\u00a0\u00bb gallery_width=\u00a0\u00bb600&Prime; gallery_height=\u00a0\u00bb400&Prime; cycle_effect=\u00a0\u00bbfade\u00a0\u00bb cycle_interval=\u00a0\u00bb3&Prime; show_thumbnail_link=\u00a0\u00bb1&Prime; thumbnail_link_text=\u00a0\u00bb[Aper\u00e7u photo]\u00a0\u00bb order_by=\u00a0\u00bbsortorder\u00a0\u00bb order_direction=\u00a0\u00bbASC\u00a0\u00bb returns=\u00a0\u00bbincluded\u00a0\u00bb maximum_entity_count=\u00a0\u00bb500&Prime;]<\/p>\n<p>&nbsp;<br \/>\nBonne vacances, on se retrouve en septembre.<\/p>\n<p>Rejoignez nous sur fb > <a href=\"https:\/\/www.facebook.com\/RadioP45\/\" target=\"_blank\">RADIO 45<\/a><\/p>\n","protected":false},"excerpt":{"rendered":"<p>C&rsquo;est maintenant les vacances. Nous \u00e9tions pr\u00e9sent pour la f\u00eate des Ateliers du Passage 45, en voici quelques moments immortalis\u00e9s<\/p>\n","protected":false},"author":1,"featured_media":629,"comment_status":"open","ping_status":"open","sticky":false,"template":"","format":"standard","meta":[],"categories":[60],"tags":[9,11,66,58,65],"_links":{"self":[{"href":"https:\/\/www.gsara.tv\/charleroi\/sites_d_ateliers\/radio45\/wp-json\/wp\/v2\/posts\/738"}],"collection":[{"href":"https:\/\/www.gsara.tv\/charleroi\/sites_d_ateliers\/radio45\/wp-json\/wp\/v2\/posts"}],"about":[{"href":"https:\/\/www.gsara.tv\/charleroi\/sites_d_ateliers\/radio45\/wp-json\/wp\/v2\/types\/post"}],"author":[{"embeddable":true,"href":"https:\/\/www.gsara.tv\/charleroi\/sites_d_ateliers\/radio45\/wp-json\/wp\/v2\/users\/1"}],"replies":[{"embeddable":true,"href":"https:\/\/www.gsara.tv\/charleroi\/sites_d_ateliers\/radio45\/wp-json\/wp\/v2\/comments?post=738"}],"version-history":[{"count":9,"href":"https:\/\/www.gsara.tv\/charleroi\/sites_d_ateliers\/radio45\/wp-json\/wp\/v2\/posts\/738\/revisions"}],"predecessor-version":[{"id":1122,"href":"https:\/\/www.gsara.tv\/charleroi\/sites_d_ateliers\/radio45\/wp-json\/wp\/v2\/posts\/738\/revisions\/1122"}],"wp:featuredmedia":[{"embeddable":true,"href":"https:\/\/www.gsara.tv\/charleroi\/sites_d_ateliers\/radio45\/wp-json\/wp\/v2\/media\/629"}],"wp:attachment":[{"href":"https:\/\/www.gsara.tv\/charleroi\/sites_d_ateliers\/radio45\/wp-json\/wp\/v2\/media?parent=738"}],"wp:term":[{"taxonomy":"category","embeddable":true,"href":"https:\/\/www.gsara.tv\/charleroi\/sites_d_ateliers\/radio45\/wp-json\/wp\/v2\/categories?post=738"},{"taxonomy":"post_tag","embeddable":true,"href":"https:\/\/www.gsara.tv\/charleroi\/sites_d_ateliers\/radio45\/wp-json\/wp\/v2\/tags?post=738"}],"curies":[{"name":"wp","href":"https:\/\/api.w.org\/{rel}","templated":true}]}}