{"id":349,"date":"2017-05-10T14:58:56","date_gmt":"2017-05-10T13:58:56","guid":{"rendered":"http:\/\/www.gsara.tv\/charleroi\/sites_d_ateliers\/radio45\/?p=349"},"modified":"2018-01-30T12:33:58","modified_gmt":"2018-01-30T11:33:58","slug":"radio-45-aux-archives-du-cpas-emission-31","status":"publish","type":"post","link":"https:\/\/www.gsara.tv\/charleroi\/sites_d_ateliers\/radio45\/2017\/05\/10\/radio-45-aux-archives-du-cpas-emission-31\/","title":{"rendered":"Radio 45 aux archives du CPAS (\u00e9mission 31)"},"content":{"rendered":"<p>Nous sommes all\u00e9s dans le zoning de Gosselies \u00e0 la rencontre des archivistes du CPAS. O\u00f9 vont les dossiers ? Qu&rsquo;y trouve t&rsquo;on ? Combien de temps les gardent ils ? Qui a acc\u00e8s ? &#8230;<\/p>\n<p>Notre \u00e9mission :<\/p>\n<p><iframe loading=\"lazy\" src=\"https:\/\/www.mixcloud.com\/widget\/iframe\/?feed=https%3A%2F%2Fwww.mixcloud.com%2FGsara_Charleroi%2Faux-archives-de-la-ville-et-du-cpas-emission-30%2F&amp;hide_cover=1\" width=\"100%\" height=\"120\" frameborder=\"0\"><\/iframe><\/p>\n<p>Notre bande annonce :<\/p>\n<p><iframe loading=\"lazy\" src=\"https:\/\/www.youtube.com\/embed\/hT1DrPC9ZZk\" allowfullscreen=\"allowfullscreen\" width=\"560\" height=\"315\" frameborder=\"0\"><\/iframe><\/p>\n<p>Facebook Radio 45 :&nbsp;<a href=\"https:\/\/www.facebook.com\/RadioP45\/\" target=\"_blank\">https:\/\/www.facebook.com\/RadioP45\/<\/a><\/p>\n","protected":false},"excerpt":{"rendered":"<p>Nous sommes all\u00e9s dans le zoning de Gosselies \u00e0 la rencontre des archivistes du CPAS. O\u00f9 vont les dossiers ?<\/p>\n","protected":false},"author":1,"featured_media":1275,"comment_status":"open","ping_status":"open","sticky":false,"template":"","format":"standard","meta":[],"categories":[20,3],"tags":[64,11,15,13],"_links":{"self":[{"href":"https:\/\/www.gsara.tv\/charleroi\/sites_d_ateliers\/radio45\/wp-json\/wp\/v2\/posts\/349"}],"collection":[{"href":"https:\/\/www.gsara.tv\/charleroi\/sites_d_ateliers\/radio45\/wp-json\/wp\/v2\/posts"}],"about":[{"href":"https:\/\/www.gsara.tv\/charleroi\/sites_d_ateliers\/radio45\/wp-json\/wp\/v2\/types\/post"}],"author":[{"embeddable":true,"href":"https:\/\/www.gsara.tv\/charleroi\/sites_d_ateliers\/radio45\/wp-json\/wp\/v2\/users\/1"}],"replies":[{"embeddable":true,"href":"https:\/\/www.gsara.tv\/charleroi\/sites_d_ateliers\/radio45\/wp-json\/wp\/v2\/comments?post=349"}],"version-history":[{"count":15,"href":"https:\/\/www.gsara.tv\/charleroi\/sites_d_ateliers\/radio45\/wp-json\/wp\/v2\/posts\/349\/revisions"}],"predecessor-version":[{"id":878,"href":"https:\/\/www.gsara.tv\/charleroi\/sites_d_ateliers\/radio45\/wp-json\/wp\/v2\/posts\/349\/revisions\/878"}],"wp:featuredmedia":[{"embeddable":true,"href":"https:\/\/www.gsara.tv\/charleroi\/sites_d_ateliers\/radio45\/wp-json\/wp\/v2\/media\/1275"}],"wp:attachment":[{"href":"https:\/\/www.gsara.tv\/charleroi\/sites_d_ateliers\/radio45\/wp-json\/wp\/v2\/media?parent=349"}],"wp:term":[{"taxonomy":"category","embeddable":true,"href":"https:\/\/www.gsara.tv\/charleroi\/sites_d_ateliers\/radio45\/wp-json\/wp\/v2\/categories?post=349"},{"taxonomy":"post_tag","embeddable":true,"href":"https:\/\/www.gsara.tv\/charleroi\/sites_d_ateliers\/radio45\/wp-json\/wp\/v2\/tags?post=349"}],"curies":[{"name":"wp","href":"https:\/\/api.w.org\/{rel}","templated":true}]}}