{"id":1085,"date":"2017-10-27T09:42:33","date_gmt":"2017-10-27T08:42:33","guid":{"rendered":"http:\/\/www.gsara.tv\/charleroi\/sites_d_ateliers\/radio45\/?p=1085"},"modified":"2017-10-27T13:48:08","modified_gmt":"2017-10-27T12:48:08","slug":"portes-ouvertes-du-gsara-charleroi","status":"publish","type":"post","link":"https:\/\/www.gsara.tv\/charleroi\/sites_d_ateliers\/radio45\/2017\/10\/27\/portes-ouvertes-du-gsara-charleroi\/","title":{"rendered":"Portes ouvertes du Gsara Charleroi"},"content":{"rendered":"<p>Le jeudi 12 octobre c&rsquo;\u00e9tait les portes ouvertes chez notre partenaire, le Gsara de Charleroi, nous sommes all\u00e9s en rue r\u00e9colter des sons autour de la notion de \u00ab\u00a0Travail-Emploi\u00a0\u00bb que nous avons ensuite mont\u00e9 pendant l&rsquo;atelier participatif propos\u00e9 par le Gsara.<br \/>\nNous y avons r\u00e9alis\u00e9 2 capsules que voici:<br \/>\n&nbsp;<br \/>\nMicro-trottoir 1<\/p>\n<!--[if lt IE 9]><script>document.createElement('audio');<\/script><![endif]-->\n<audio class=\"wp-audio-shortcode\" id=\"audio-1085-1\" preload=\"none\" style=\"width: 100%;\" controls=\"controls\"><source type=\"audio\/mpeg\" src=\"http:\/\/www.gsara.tv\/charleroi\/sites_d_ateliers\/radio45\/wp-content\/uploads\/2017\/10\/Micro-trottoir-1.mp3?_=1\" \/><a href=\"http:\/\/www.gsara.tv\/charleroi\/sites_d_ateliers\/radio45\/wp-content\/uploads\/2017\/10\/Micro-trottoir-1.mp3\">http:\/\/www.gsara.tv\/charleroi\/sites_d_ateliers\/radio45\/wp-content\/uploads\/2017\/10\/Micro-trottoir-1.mp3<\/a><\/audio>\n<p>[easy_media_download url=\u00a0\u00bbhttp:\/\/www.gsara.tv\/charleroi\/sites_d_ateliers\/radio45\/wp-content\/uploads\/2017\/10\/Micro-trottoir-1.mp3&Prime; text=\u00a0\u00bbT\u00e9l\u00e9chargement\u00a0\u00bb color=\u00a0\u00bbblue\u00a0\u00bb target=\u00a0\u00bb_blank\u00a0\u00bb force_dl=\u00a0\u00bb1&Prime;]<\/p>\n<p>&nbsp;<\/p>\n<p>Micro-trottoir 2<\/p>\n<audio class=\"wp-audio-shortcode\" id=\"audio-1085-2\" preload=\"none\" style=\"width: 100%;\" controls=\"controls\"><source type=\"audio\/mpeg\" src=\"http:\/\/www.gsara.tv\/charleroi\/sites_d_ateliers\/radio45\/wp-content\/uploads\/2017\/10\/Micro-trottoir-2.mp3?_=2\" \/><a href=\"http:\/\/www.gsara.tv\/charleroi\/sites_d_ateliers\/radio45\/wp-content\/uploads\/2017\/10\/Micro-trottoir-2.mp3\">http:\/\/www.gsara.tv\/charleroi\/sites_d_ateliers\/radio45\/wp-content\/uploads\/2017\/10\/Micro-trottoir-2.mp3<\/a><\/audio>\n<p>[easy_media_download url=\u00a0\u00bbhttp:\/\/www.gsara.tv\/charleroi\/sites_d_ateliers\/radio45\/wp-content\/uploads\/2017\/10\/Micro-trottoir-2.mp3&Prime; text=\u00a0\u00bbT\u00e9l\u00e9chargement\u00a0\u00bb color=\u00a0\u00bbblue\u00a0\u00bb target=\u00a0\u00bb_blank\u00a0\u00bb force_dl=\u00a0\u00bb1&Prime;]<\/p>\n<p>&nbsp;<\/p>\n<p>[ngg_images source=\u00a0\u00bbgalleries\u00a0\u00bb container_ids=\u00a0\u00bb28&Prime; display_type=\u00a0\u00bbphotocrati-nextgen_basic_thumbnails\u00a0\u00bb override_thumbnail_settings=\u00a0\u00bb0&Prime; thumbnail_width=\u00a0\u00bb240&Prime; thumbnail_height=\u00a0\u00bb160&Prime; thumbnail_crop=\u00a0\u00bb1&Prime; images_per_page=\u00a0\u00bb60&Prime; number_of_columns=\u00a0\u00bb0&Prime; ajax_pagination=\u00a0\u00bb0&Prime; show_all_in_lightbox=\u00a0\u00bb0&Prime; use_imagebrowser_effect=\u00a0\u00bb0&Prime; show_slideshow_link=\u00a0\u00bb1&Prime; slideshow_link_text=\u00a0\u00bb[Aper\u00e7u diaporama]\u00a0\u00bb order_by=\u00a0\u00bbsortorder\u00a0\u00bb order_direction=\u00a0\u00bbASC\u00a0\u00bb returns=\u00a0\u00bbincluded\u00a0\u00bb maximum_entity_count=\u00a0\u00bb500&Prime;]<br \/>\n&nbsp;<br \/>\nRejoignez nous sur fb > <a href=\"https:\/\/www.facebook.com\/RadioP45\/\" target=\"_blank\">RADIO 45<\/a><\/p>\n","protected":false},"excerpt":{"rendered":"<p>Le jeudi 12 octobre c&rsquo;\u00e9tait les portes ouvertes chez notre partenaire, le Gsara de Charleroi, nous sommes all\u00e9s en rue<\/p>\n","protected":false},"author":1,"featured_media":1086,"comment_status":"open","ping_status":"open","sticky":false,"template":"","format":"standard","meta":[],"categories":[3],"tags":[9,70,68,39,67,13,51,69],"_links":{"self":[{"href":"https:\/\/www.gsara.tv\/charleroi\/sites_d_ateliers\/radio45\/wp-json\/wp\/v2\/posts\/1085"}],"collection":[{"href":"https:\/\/www.gsara.tv\/charleroi\/sites_d_ateliers\/radio45\/wp-json\/wp\/v2\/posts"}],"about":[{"href":"https:\/\/www.gsara.tv\/charleroi\/sites_d_ateliers\/radio45\/wp-json\/wp\/v2\/types\/post"}],"author":[{"embeddable":true,"href":"https:\/\/www.gsara.tv\/charleroi\/sites_d_ateliers\/radio45\/wp-json\/wp\/v2\/users\/1"}],"replies":[{"embeddable":true,"href":"https:\/\/www.gsara.tv\/charleroi\/sites_d_ateliers\/radio45\/wp-json\/wp\/v2\/comments?post=1085"}],"version-history":[{"count":11,"href":"https:\/\/www.gsara.tv\/charleroi\/sites_d_ateliers\/radio45\/wp-json\/wp\/v2\/posts\/1085\/revisions"}],"predecessor-version":[{"id":1120,"href":"https:\/\/www.gsara.tv\/charleroi\/sites_d_ateliers\/radio45\/wp-json\/wp\/v2\/posts\/1085\/revisions\/1120"}],"wp:featuredmedia":[{"embeddable":true,"href":"https:\/\/www.gsara.tv\/charleroi\/sites_d_ateliers\/radio45\/wp-json\/wp\/v2\/media\/1086"}],"wp:attachment":[{"href":"https:\/\/www.gsara.tv\/charleroi\/sites_d_ateliers\/radio45\/wp-json\/wp\/v2\/media?parent=1085"}],"wp:term":[{"taxonomy":"category","embeddable":true,"href":"https:\/\/www.gsara.tv\/charleroi\/sites_d_ateliers\/radio45\/wp-json\/wp\/v2\/categories?post=1085"},{"taxonomy":"post_tag","embeddable":true,"href":"https:\/\/www.gsara.tv\/charleroi\/sites_d_ateliers\/radio45\/wp-json\/wp\/v2\/tags?post=1085"}],"curies":[{"name":"wp","href":"https:\/\/api.w.org\/{rel}","templated":true}]}}