{"id":1,"date":"2016-02-24T13:12:38","date_gmt":"2016-02-24T12:12:38","guid":{"rendered":"http:\/\/www.gsara.tv\/charleroi\/sites_d_ateliers\/radio45\/?p=1"},"modified":"2018-07-10T09:42:51","modified_gmt":"2018-07-10T08:42:51","slug":"bonjour-tout-le-monde","status":"publish","type":"post","link":"https:\/\/www.gsara.tv\/charleroi\/sites_d_ateliers\/radio45\/2016\/02\/24\/bonjour-tout-le-monde\/","title":{"rendered":"Et de cinq avec le Carolo Y\u00e9ti"},"content":{"rendered":"<p><img decoding=\"async\" loading=\"lazy\" class=\"size-medium wp-image-40 alignleft\" src=\"http:\/\/www.gsara.tv\/charleroi\/sites_d_ateliers\/radio45\/wp-content\/uploads\/2016\/02\/pino_bonelli-300x237.jpg\" alt=\"pino_bonelli\" width=\"300\" height=\"237\" srcset=\"https:\/\/www.gsara.tv\/charleroi\/sites_d_ateliers\/radio45\/wp-content\/uploads\/2016\/02\/pino_bonelli-300x237.jpg 300w, https:\/\/www.gsara.tv\/charleroi\/sites_d_ateliers\/radio45\/wp-content\/uploads\/2016\/02\/pino_bonelli.jpg 640w\" sizes=\"(max-width: 300px) 100vw, 300px\" \/>Voici notre 5\u00e8me \u00e9mission, cette semaine, nous avons eu le plaisir d&rsquo;accueillir Pino, un artiste carolo, qui a r\u00e9pondu \u00e0 nos questions et jou\u00e9 2 morceaux pour nous \u00ab\u00a0le caroloyeti\u00a0\u00bb et \u00ab\u00a0reste cool\u00a0\u00bb.<br \/>\nEnjoy !!!<\/p>\n<p>&nbsp;<\/p>\n<p>&nbsp;<\/p>\n<p>&nbsp;<\/p>\n<p>&nbsp;<\/p>\n<p><iframe loading=\"lazy\" src=\"https:\/\/www.mixcloud.com\/widget\/iframe\/?feed=https%3A%2F%2Fwww.mixcloud.com%2FGsara_Charleroi%2Fradio-45-la-radio-pas-sage-emission-05-avec-pino-bonelli%2F&amp;hide_cover=1\" width=\"100%\" height=\"120\" frameborder=\"0\"><\/iframe><\/p>\n<p>Facebook Radio 45 :&nbsp;<a href=\"https:\/\/www.facebook.com\/RadioP45\/\" target=\"_blank\" rel=\"noopener\">https:\/\/www.facebook.com\/RadioP45\/<\/a><\/p>\n<p>&nbsp;<\/p>\n","protected":false},"excerpt":{"rendered":"<p>Voici notre 5\u00e8me \u00e9mission, cette semaine, nous avons eu le plaisir d&rsquo;accueillir Pino, un artiste carolo, qui a r\u00e9pondu \u00e0<\/p>\n","protected":false},"author":1,"featured_media":40,"comment_status":"open","ping_status":"open","sticky":false,"template":"","format":"standard","meta":[],"categories":[3],"tags":[9,18,15,63,13],"_links":{"self":[{"href":"https:\/\/www.gsara.tv\/charleroi\/sites_d_ateliers\/radio45\/wp-json\/wp\/v2\/posts\/1"}],"collection":[{"href":"https:\/\/www.gsara.tv\/charleroi\/sites_d_ateliers\/radio45\/wp-json\/wp\/v2\/posts"}],"about":[{"href":"https:\/\/www.gsara.tv\/charleroi\/sites_d_ateliers\/radio45\/wp-json\/wp\/v2\/types\/post"}],"author":[{"embeddable":true,"href":"https:\/\/www.gsara.tv\/charleroi\/sites_d_ateliers\/radio45\/wp-json\/wp\/v2\/users\/1"}],"replies":[{"embeddable":true,"href":"https:\/\/www.gsara.tv\/charleroi\/sites_d_ateliers\/radio45\/wp-json\/wp\/v2\/comments?post=1"}],"version-history":[{"count":27,"href":"https:\/\/www.gsara.tv\/charleroi\/sites_d_ateliers\/radio45\/wp-json\/wp\/v2\/posts\/1\/revisions"}],"predecessor-version":[{"id":1390,"href":"https:\/\/www.gsara.tv\/charleroi\/sites_d_ateliers\/radio45\/wp-json\/wp\/v2\/posts\/1\/revisions\/1390"}],"wp:featuredmedia":[{"embeddable":true,"href":"https:\/\/www.gsara.tv\/charleroi\/sites_d_ateliers\/radio45\/wp-json\/wp\/v2\/media\/40"}],"wp:attachment":[{"href":"https:\/\/www.gsara.tv\/charleroi\/sites_d_ateliers\/radio45\/wp-json\/wp\/v2\/media?parent=1"}],"wp:term":[{"taxonomy":"category","embeddable":true,"href":"https:\/\/www.gsara.tv\/charleroi\/sites_d_ateliers\/radio45\/wp-json\/wp\/v2\/categories?post=1"},{"taxonomy":"post_tag","embeddable":true,"href":"https:\/\/www.gsara.tv\/charleroi\/sites_d_ateliers\/radio45\/wp-json\/wp\/v2\/tags?post=1"}],"curies":[{"name":"wp","href":"https:\/\/api.w.org\/{rel}","templated":true}]}}