{"id":416,"date":"2023-08-30T14:46:58","date_gmt":"2023-08-30T13:46:58","guid":{"rendered":"https:\/\/www.gsara.tv\/charleroi\/sites_d_ateliers\/MRSGilly\/?p=416"},"modified":"2023-08-30T14:46:58","modified_gmt":"2023-08-30T13:46:58","slug":"spectacle-de-marionnettes","status":"publish","type":"post","link":"https:\/\/www.gsara.tv\/charleroi\/sites_d_ateliers\/MRSGilly\/?p=416","title":{"rendered":"Spectacle de marionnettes"},"content":{"rendered":"\n<figure class=\"wp-block-image is-resized\"><img decoding=\"async\" loading=\"lazy\" src=\"https:\/\/i0.wp.com\/charleroi.gsara.be\/wp-content\/uploads\/sites\/7\/2023\/02\/PHOTO-SITE-1-1024x569.jpg?resize=256%2C142&#038;ssl=1\" alt=\"PHOTO SITE 1\" class=\"wp-image-113993\" width=\"256\" height=\"142\" title=\"PHOTO SITE 1\" data-recalc-dims=\"1\"\/><\/figure>\n\n\n\n<p><a href=\"https:\/\/charleroi.gsara.be\/wp-content\/uploads\/sites\/7\/2023\/02\/PHOTO-SITE-1-1024x569.jpg\"><\/a><\/p>\n\n\n\n<p><a href=\"https:\/\/charleroi.gsara.be\/wp-content\/uploads\/sites\/7\/2023\/02\/table.jpg\"><\/a><\/p>\n\n\n\n<figure class=\"wp-block-image is-resized\"><img decoding=\"async\" loading=\"lazy\" src=\"https:\/\/i0.wp.com\/charleroi.gsara.be\/wp-content\/uploads\/sites\/7\/2023\/02\/PHOTO-SITE-2-1024x569.jpg?resize=256%2C142&#038;ssl=1\" alt=\"PHOTO SITE 2\" class=\"wp-image-113994\" width=\"256\" height=\"142\" title=\"PHOTO SITE 2\" data-recalc-dims=\"1\"\/><\/figure>\n\n\n\n<p><a href=\"https:\/\/charleroi.gsara.be\/wp-content\/uploads\/sites\/7\/2023\/02\/PHOTO-SITE-2-1024x569.jpg\"><\/a><\/p>\n\n\n\n<figure class=\"wp-block-image is-resized\"><img decoding=\"async\" loading=\"lazy\" src=\"https:\/\/i0.wp.com\/charleroi.gsara.be\/wp-content\/uploads\/sites\/7\/2023\/02\/Photo-degout--1024x569.jpg?resize=256%2C142&#038;ssl=1\" alt=\"Photo degout\" class=\"wp-image-113998\" width=\"256\" height=\"142\" title=\"Photo degout\" data-recalc-dims=\"1\"\/><\/figure>\n\n\n\n<p><a href=\"https:\/\/charleroi.gsara.be\/wp-content\/uploads\/sites\/7\/2023\/02\/Photo-degout--1024x569.jpg\"><\/a><\/p>\n\n\n\n<figure class=\"wp-block-image is-resized\"><img decoding=\"async\" loading=\"lazy\" src=\"https:\/\/i0.wp.com\/charleroi.gsara.be\/wp-content\/uploads\/sites\/7\/2023\/02\/PHOTO-SITE-3-1024x569.jpg?resize=256%2C142&#038;ssl=1\" alt=\"PHOTO SITE 3\" class=\"wp-image-113995\" width=\"256\" height=\"142\" title=\"PHOTO SITE 3\" data-recalc-dims=\"1\"\/><\/figure>\n\n\n\n<p><a href=\"https:\/\/charleroi.gsara.be\/wp-content\/uploads\/sites\/7\/2023\/02\/PHOTO-SITE-3-1024x569.jpg\"><\/a><\/p>\n\n\n\n<figure class=\"wp-block-image is-resized\"><img decoding=\"async\" loading=\"lazy\" src=\"https:\/\/i0.wp.com\/charleroi.gsara.be\/wp-content\/uploads\/sites\/7\/2023\/02\/PHOTO-TRISTESSE--1024x610.jpg?resize=256%2C153&#038;ssl=1\" alt=\"PHOTO TRISTESSE\" class=\"wp-image-114001\" width=\"256\" height=\"153\" title=\"PHOTO TRISTESSE\" data-recalc-dims=\"1\"\/><\/figure>\n\n\n\n<p><a href=\"https:\/\/charleroi.gsara.be\/wp-content\/uploads\/sites\/7\/2023\/02\/PHOTO-TRISTESSE--1024x610.jpg\"><\/a><\/p>\n\n\n\n<h3>La tristesse, la joie, la col\u00e8re : des \u00e9motions que nous connaissons bien en notre fort int\u00e9rieur. Mais avez-vous d\u00e9j\u00e0 essay\u00e9 de les transmettre \u00e0 d&rsquo;autres ? De les exprimer d\u2019une mani\u00e8re diff\u00e9rente de l&rsquo;habitude ? Non ?<\/h3>\n\n\n\n<p>Cette semaine, nous nous sommes rendu \u00e0 la maison de repos Not\u2019p\u2019tit nid de Gilly pour travailler ensemble sur notre nouvel atelier. Les r\u00e9sidents ont pour ambition de vous raconter la vie \u00e0 la maison de repos: Comment \u00e7a se passe ? Qu&rsquo;est-ce qu&rsquo;on y fait ? De quoi on parle ? Qu&rsquo;est-ce qu&rsquo;on y ressent ?&nbsp; Etant donn\u00e9 que nous avons d\u00e9ja balay\u00e9 un grand nombre de techniques avec ce public ( voir <a href=\"https:\/\/www.gsara.tv\/charleroi\/sites_d_ateliers\/MRSGilly\/\">leur blog<\/a>), nous nous interessons aujourd&rsquo;hui a une discipline inspirante et originale : le th\u00e9\u00e2tre d\u2019objet.<\/p>\n\n\n\n<p>Une activit\u00e9 du genre th\u00e9\u00e2tral o\u00f9 l&rsquo;on utilise des objets courants qui ne seront plus utilis\u00e9s comme simples accessoires, mais \u00e0 pr\u00e9sent comme acteurs de th\u00e9\u00e2tre ou de d\u00e9cors. Ceux-ci peuvent repr\u00e9senter un personnage ou un animal avec lequel on peut dialoguer ou interagir. Pour cela, pas besoin de se ruiner en magasins \u00e0 la recherche d\u2019objets de qualit\u00e9 exceptionnelle, de simples effets personnels peuvent faire l&rsquo;affaire car il s&rsquo;agit de cr\u00e9er votre propre histoire !<\/p>\n\n\n\n<p>Nous avons d\u00e9couvert ensemble que la papesse de ce genre \u00e9tait belge: <a href=\"https:\/\/www.garecentrale.be\/\">Agnes Limbos<\/a>. Son travail est passionnant!<\/p>\n\n\n\n<p>Nous esp\u00e9rons que l&rsquo;exercice permettra \u00e0 nos a\u00een\u00e9s de nous raconter leur vie \u00e0 la maison de repos tout en s\u2019amusant.<\/p>\n\n\n\n<p>Un projet en cours que nous esp\u00e9rons rapidement de vous faire d\u00e9couvrir !<\/p>\n\n\n\n<p><strong>Edit 1er juin 2023<\/strong> : avec l&rsquo;\u00e9volution des r\u00e9flexions et les premiers exercices, nous convenons d&rsquo;un dispositif \u00ab\u00a0th\u00e9\u00e2tre de marionettes\u00a0\u00bb construit dans une boite d&rsquo;ordinateur portable. Elles est faite pour une ou deux personnes, munie de deux rampes d&rsquo;\u00e9clairage &#8211; led qui fonctionnent sur des batteries de r\u00e9cup\u00e9ration. L&rsquo;avantage tr\u00e8s pratique c&rsquo;est qu&rsquo;on peut la transporter dans le tram et que les pensionnaires peuvent la d\u00e9poser sur leurs genoux. Pour cadrer l&rsquo;image, c&rsquo;est plus joli et on se concentre vraiment sur le jeu, oubliant la personne qui manipule\/raconte derri\u00e8re la marionettes.<\/p>\n\n\n\n<p>Premi\u00e8re essai ce 1er juin 2023<\/p>\n\n\n\n<p><video preload=\"metadata\" src=\"https:\/\/gsara.tv\/charleroi\/sites_d_ateliers\/MRSGilly\/divers\/exercice_marionettes1juin23.mp4?_=3\" width=\"640\" height=\"360\"><\/p>\n\n\n\n<p><\/p>\n\n\n\n<p>Ce 6 avril, nous continuons avec des exercices d&rsquo;impro :<\/p>\n\n\n\n<p><video preload=\"metadata\" src=\"http:\/\/gsara.tv\/charleroi\/sites_d_ateliers\/MRSGilly\/divers\/6avril23-exercices_theatre.mp4?_=4\" width=\"640\" height=\"360\"><\/p>\n\n\n\n<p><\/p>\n\n\n\n<p><strong>Edit Aout 2023<\/strong><\/p>\n\n\n\n<p>Apr\u00e8s avoir list\u00e9 les sc\u00e8nes et les personnages, nous passons \u00e0 l&rsquo;\u00e9criture des dialogues. Une sc\u00e8ne-cl\u00e9 sera celle du restaurant.<\/p>\n\n\n\n<p>Premi\u00e8re lecture de notre prose : <\/p>\n\n\n\n<figure class=\"wp-block-audio\"><audio controls src=\"https:\/\/www.gsara.tv\/charleroi\/sites_d_ateliers\/MRSGilly\/wp-content\/uploads\/2023\/08\/17-aout-lecture-mrs.mp3\"><\/audio><\/figure>\n","protected":false},"excerpt":{"rendered":"<p>La tristesse, la joie, la col\u00e8re : des \u00e9motions que nous connaissons bien en notre fort int\u00e9rieur. Mais avez-vous d\u00e9j\u00e0 essay\u00e9 de les transmettre \u00e0 d&rsquo;autres ? De les exprimer d\u2019une mani\u00e8re diff\u00e9rente de l&rsquo;habitude ? Non ? Cette semaine, nous nous sommes rendu \u00e0 la maison de repos Not\u2019p\u2019tit nid de Gilly pour travailler [&hellip;]<\/p>\n","protected":false},"author":1,"featured_media":418,"comment_status":"open","ping_status":"open","sticky":false,"template":"","format":"standard","meta":{"jetpack_post_was_ever_published":false,"jetpack_publicize_message":"","jetpack_is_tweetstorm":false,"jetpack_publicize_feature_enabled":true,"jetpack_social_post_already_shared":true,"jetpack_social_options":[]},"categories":[1],"tags":[],"jetpack_publicize_connections":[],"jetpack_featured_media_url":"https:\/\/i0.wp.com\/www.gsara.tv\/charleroi\/sites_d_ateliers\/MRSGilly\/wp-content\/uploads\/2023\/08\/Comic.jpg?fit=938%2C556&ssl=1","jetpack_sharing_enabled":true,"jetpack_shortlink":"https:\/\/wp.me\/p6K57e-6I","_links":{"self":[{"href":"https:\/\/www.gsara.tv\/charleroi\/sites_d_ateliers\/MRSGilly\/index.php?rest_route=\/wp\/v2\/posts\/416"}],"collection":[{"href":"https:\/\/www.gsara.tv\/charleroi\/sites_d_ateliers\/MRSGilly\/index.php?rest_route=\/wp\/v2\/posts"}],"about":[{"href":"https:\/\/www.gsara.tv\/charleroi\/sites_d_ateliers\/MRSGilly\/index.php?rest_route=\/wp\/v2\/types\/post"}],"author":[{"embeddable":true,"href":"https:\/\/www.gsara.tv\/charleroi\/sites_d_ateliers\/MRSGilly\/index.php?rest_route=\/wp\/v2\/users\/1"}],"replies":[{"embeddable":true,"href":"https:\/\/www.gsara.tv\/charleroi\/sites_d_ateliers\/MRSGilly\/index.php?rest_route=%2Fwp%2Fv2%2Fcomments&post=416"}],"version-history":[{"count":1,"href":"https:\/\/www.gsara.tv\/charleroi\/sites_d_ateliers\/MRSGilly\/index.php?rest_route=\/wp\/v2\/posts\/416\/revisions"}],"predecessor-version":[{"id":419,"href":"https:\/\/www.gsara.tv\/charleroi\/sites_d_ateliers\/MRSGilly\/index.php?rest_route=\/wp\/v2\/posts\/416\/revisions\/419"}],"wp:featuredmedia":[{"embeddable":true,"href":"https:\/\/www.gsara.tv\/charleroi\/sites_d_ateliers\/MRSGilly\/index.php?rest_route=\/wp\/v2\/media\/418"}],"wp:attachment":[{"href":"https:\/\/www.gsara.tv\/charleroi\/sites_d_ateliers\/MRSGilly\/index.php?rest_route=%2Fwp%2Fv2%2Fmedia&parent=416"}],"wp:term":[{"taxonomy":"category","embeddable":true,"href":"https:\/\/www.gsara.tv\/charleroi\/sites_d_ateliers\/MRSGilly\/index.php?rest_route=%2Fwp%2Fv2%2Fcategories&post=416"},{"taxonomy":"post_tag","embeddable":true,"href":"https:\/\/www.gsara.tv\/charleroi\/sites_d_ateliers\/MRSGilly\/index.php?rest_route=%2Fwp%2Fv2%2Ftags&post=416"}],"curies":[{"name":"wp","href":"https:\/\/api.w.org\/{rel}","templated":true}]}}