{"id":73,"date":"2016-04-22T15:00:42","date_gmt":"2016-04-22T14:00:42","guid":{"rendered":"http:\/\/www.gsara.tv\/charleroi\/sites_d_ateliers\/radio45\/?p=73"},"modified":"2018-07-10T09:22:07","modified_gmt":"2018-07-10T08:22:07","slug":"la-8eme","status":"publish","type":"post","link":"http:\/\/www.gsara.tv\/charleroi\/sites_d_ateliers\/radio45\/2016\/04\/22\/la-8eme\/","title":{"rendered":"La 8\u00e8me &#8211; Les Incroyables Comestibles et Louis-Philippe Della Valentina"},"content":{"rendered":"<p><img decoding=\"async\" loading=\"lazy\" class=\"alignleft size-medium wp-image-75\" src=\"http:\/\/www.gsara.tv\/charleroi\/sites_d_ateliers\/radio45\/wp-content\/uploads\/2016\/04\/13040998_10208089448807753_1879764455706607343_o-300x169.jpg\" alt=\"13040998_10208089448807753_1879764455706607343_o\" width=\"300\" height=\"169\" srcset=\"http:\/\/www.gsara.tv\/charleroi\/sites_d_ateliers\/radio45\/wp-content\/uploads\/2016\/04\/13040998_10208089448807753_1879764455706607343_o-300x169.jpg 300w, http:\/\/www.gsara.tv\/charleroi\/sites_d_ateliers\/radio45\/wp-content\/uploads\/2016\/04\/13040998_10208089448807753_1879764455706607343_o-768x432.jpg 768w, http:\/\/www.gsara.tv\/charleroi\/sites_d_ateliers\/radio45\/wp-content\/uploads\/2016\/04\/13040998_10208089448807753_1879764455706607343_o-1024x576.jpg 1024w, http:\/\/www.gsara.tv\/charleroi\/sites_d_ateliers\/radio45\/wp-content\/uploads\/2016\/04\/13040998_10208089448807753_1879764455706607343_o.jpg 2048w\" sizes=\"(max-width: 300px) 100vw, 300px\" \/>Bienvenue dans notre 8\u00e8me \u00e9mission, cette semaine nous recevions 2 supers invit\u00e9s !<br \/>\nEn premier lieu, interview\u00e9 par Fred, Jonathan et Andr\u00e9e : Mathieu Charlier nous a parl\u00e9 des \u00a0\u00bb incroyables comestibles\u00a0\u00bb.<br \/>\nEnsuite, Yvan, Gis\u00e8le et Michael recevaient le talentueux Louis-Philippe Della Valentina qui nous parle de sa passion, les marionnettes.<br \/>\nMerci \u00e0 eux d&rsquo;\u00eatre venus nous rejoindre sur Radio 45, la radio pas sage, mais pas sage du tout !<\/p>\n<p>Facebook Radio 45 :&nbsp;<a href=\"https:\/\/www.facebook.com\/RadioP45\/\" target=\"_blank\">https:\/\/www.facebook.com\/RadioP45\/<\/a><\/p>\n<p>&nbsp;Bonne \u00e9coute.<\/p>\n<p>[mixcloud https:\/\/www.mixcloud.com\/Gsara_Charleroi\/radio-45-emission-8-avec-nos-invit%C3%A9s-mathieu-charlier-et-louis-philippe-della-valentina\/ width=100% height=120 hide_cover=1]<\/p>\n<p><img decoding=\"async\" loading=\"lazy\" class=\"alignleft size-medium wp-image-74\" src=\"http:\/\/www.gsara.tv\/charleroi\/sites_d_ateliers\/radio45\/wp-content\/uploads\/2016\/04\/12973258_10208089447247714_7651415027847550429_o-300x227.jpg\" alt=\"12973258_10208089447247714_7651415027847550429_o\" width=\"300\" height=\"227\" srcset=\"http:\/\/www.gsara.tv\/charleroi\/sites_d_ateliers\/radio45\/wp-content\/uploads\/2016\/04\/12973258_10208089447247714_7651415027847550429_o-300x227.jpg 300w, http:\/\/www.gsara.tv\/charleroi\/sites_d_ateliers\/radio45\/wp-content\/uploads\/2016\/04\/12973258_10208089447247714_7651415027847550429_o-768x582.jpg 768w, http:\/\/www.gsara.tv\/charleroi\/sites_d_ateliers\/radio45\/wp-content\/uploads\/2016\/04\/12973258_10208089447247714_7651415027847550429_o-1024x776.jpg 1024w, http:\/\/www.gsara.tv\/charleroi\/sites_d_ateliers\/radio45\/wp-content\/uploads\/2016\/04\/12973258_10208089447247714_7651415027847550429_o.jpg 2048w\" sizes=\"(max-width: 300px) 100vw, 300px\" \/><\/p>\n","protected":false},"excerpt":{"rendered":"<p>Bienvenue dans notre 8\u00e8me \u00e9mission, cette semaine nous recevions 2 supers invit\u00e9s ! En premier lieu, interview\u00e9 par Fred, Jonathan<\/p>\n","protected":false},"author":1,"featured_media":1383,"comment_status":"open","ping_status":"open","sticky":false,"template":"","format":"standard","meta":[],"categories":[3],"tags":[9,35,18,15,13],"_links":{"self":[{"href":"http:\/\/www.gsara.tv\/charleroi\/sites_d_ateliers\/radio45\/wp-json\/wp\/v2\/posts\/73"}],"collection":[{"href":"http:\/\/www.gsara.tv\/charleroi\/sites_d_ateliers\/radio45\/wp-json\/wp\/v2\/posts"}],"about":[{"href":"http:\/\/www.gsara.tv\/charleroi\/sites_d_ateliers\/radio45\/wp-json\/wp\/v2\/types\/post"}],"author":[{"embeddable":true,"href":"http:\/\/www.gsara.tv\/charleroi\/sites_d_ateliers\/radio45\/wp-json\/wp\/v2\/users\/1"}],"replies":[{"embeddable":true,"href":"http:\/\/www.gsara.tv\/charleroi\/sites_d_ateliers\/radio45\/wp-json\/wp\/v2\/comments?post=73"}],"version-history":[{"count":7,"href":"http:\/\/www.gsara.tv\/charleroi\/sites_d_ateliers\/radio45\/wp-json\/wp\/v2\/posts\/73\/revisions"}],"predecessor-version":[{"id":824,"href":"http:\/\/www.gsara.tv\/charleroi\/sites_d_ateliers\/radio45\/wp-json\/wp\/v2\/posts\/73\/revisions\/824"}],"wp:featuredmedia":[{"embeddable":true,"href":"http:\/\/www.gsara.tv\/charleroi\/sites_d_ateliers\/radio45\/wp-json\/wp\/v2\/media\/1383"}],"wp:attachment":[{"href":"http:\/\/www.gsara.tv\/charleroi\/sites_d_ateliers\/radio45\/wp-json\/wp\/v2\/media?parent=73"}],"wp:term":[{"taxonomy":"category","embeddable":true,"href":"http:\/\/www.gsara.tv\/charleroi\/sites_d_ateliers\/radio45\/wp-json\/wp\/v2\/categories?post=73"},{"taxonomy":"post_tag","embeddable":true,"href":"http:\/\/www.gsara.tv\/charleroi\/sites_d_ateliers\/radio45\/wp-json\/wp\/v2\/tags?post=73"}],"curies":[{"name":"wp","href":"https:\/\/api.w.org\/{rel}","templated":true}]}}