{"id":50,"date":"2015-07-14T13:08:47","date_gmt":"2015-07-14T12:08:47","guid":{"rendered":"https:\/\/gsara.tv\/~bizbizboum\/?p=50"},"modified":"2015-09-16T16:12:32","modified_gmt":"2015-09-16T15:12:32","slug":"les-hautes-ecoles","status":"publish","type":"post","link":"https:\/\/www.gsara.tv\/bizbizboum\/index.php\/2015\/07\/14\/les-hautes-ecoles\/","title":{"rendered":"Coup de pouce pour l&rsquo;enseignement"},"content":{"rendered":"<p><span style=\"text-decoration: underline;\"><strong>Pr\u00e9sentation du projet<\/strong><\/span><\/p>\n<p>La situation est critique. Entre 1998 et 2013, le financement par \u00e9tudiant des universit\u00e9s a baiss\u00e9 de 16,2 %. Aujourd&rsquo;hui la perspective d&rsquo;un refinancement de l&rsquo;enseignement sup\u00e9rieur, pourtant promis par tous les partis, s&rsquo;\u00e9loigne. Au contraire, le gouvernement envisage de nouvelles coupes dans le budget de l&rsquo;enseignement sup\u00e9rieur. Tous les aspects sont touch\u00e9s\u00a0: les droits d&rsquo;inscription, les locaux d&rsquo;\u00e9tudes, le nombre de professeur(e)s et d&rsquo;assistant(e)s, les budgets sociaux et culturels, l&rsquo;aide \u00e0 la r\u00e9ussite,&#8230;<br \/>\nIl est inconcevable d&rsquo;exiger une qualit\u00e9 de formation \u00e9quivalente avec moins de financements. L&rsquo;enseignement doit rester d\u00e9mocratique, de qualit\u00e9 et au service de la soci\u00e9t\u00e9. Nous ne pouvons accepter des plans d&rsquo;aust\u00e9rit\u00e9 sur l&rsquo;avenir des jeunes !<\/p>\n<p>Dans le contexte de ch\u00f4mage, obtenir un dipl\u00f4me reste la meilleure tactique pour trouver un emploi. N&rsquo;hypoth\u00e9quons pas l&rsquo;avenir des jeunes. L\u2019\u00e9ducation est un investissement pour l\u2019ensemble de la soci\u00e9t\u00e9, tout autant qu\u2019un droit humain.<br \/>\nPour pallier les coupes budg\u00e9taires, nous avons d\u00e9sesp\u00e9r\u00e9ment besoin de notre aide. Merci d&rsquo;avance de nous t\u00e9moigner votre solidarit\u00e9\u00a0! L\u2019enseignement est un droit, pas un privil\u00e8ge.<\/p>\n<p>&nbsp;<\/p>\n<p><strong><span style=\"text-decoration: underline;\">Qui sommes-nous\u00a0?<\/span><\/strong><\/p>\n<p>L&rsquo;AGES est l&rsquo;Assembl\u00e9e G\u00e9n\u00e9rale des \u00e9tudiants de l&rsquo;Enseignement Sup\u00e9rieur en F\u00e9d\u00e9ration Wallonie-Bruxelles. En tant que conseil \u00e9tudiant, nous regroupons tous les \u00e9tudiants des \u00e9tablissements sup\u00e9rieurs en F\u00e9d\u00e9ration Wallonie-Bruxelles et les repr\u00e9sentons aupr\u00e8s des autorit\u00e9s publiques, politiques et d&rsquo;autres organisations.<\/p>\n<p>La repr\u00e9sentation \u00e9tudiante dans les instances sup\u00e9rieures, tant les universit\u00e9s que les hautes \u00e9coles, est organis\u00e9e par un d\u00e9cret de la F\u00e9d\u00e9ration Wallonie-Bruxelles : le d\u00e9cret participation.<\/p>\n<p>Nous avons quatre missions principales\u00a0:<br \/>\n-Nous informons les \u00e9tudiants sur leurs droits.<br \/>\n-Nous nous consid\u00e9rons comme le syndicat des \u00e9tudiants du sup\u00e9rieur, nous les d\u00e9fendons donc d\u00e8s que leurs droits sont bafou\u00e9s.<br \/>\n-Nous soutenons et orientons quotidiennement les \u00e9tudiants dans leurs d\u00e9marches.<br \/>\n-Nous repr\u00e9sentons les \u00e9tudiants aupr\u00e8s des autorit\u00e9s de l&rsquo;enseignement sup\u00e9rieur en F\u00e9d\u00e9ration Wallonie-Bruxelles.<\/p>\n<p><span style=\"text-decoration: underline;\"><strong>A quoi servira la collecte\u00a0?<\/strong><\/span><\/p>\n<p>Nous avons organis\u00e9, d\u00e8s avril 2015, des assembl\u00e9es g\u00e9n\u00e9rales sur les coupes budg\u00e9taires dans l&rsquo;enseignement sup\u00e9rieur afin de d\u00e9battre et de nous positionner.<br \/>\nIl en ressort une volont\u00e9 claire de prendre les choses en main pour \u00e9viter que ces coupes impactent les droits des \u00e9tudiants et la qualit\u00e9 des \u00e9tudes sup\u00e9rieures.<\/p>\n<p>L&rsquo;argent r\u00e9colt\u00e9 lors de cette collecte servira \u00e0\u00a0:<\/p>\n<p>-Financer des bourses et allocations pour TOUS les \u00e9tudiants de la F\u00e9d\u00e9ration Wallonie-Bruxelles<br \/>\n-Cr\u00e9er et financer des logements \u00e9tudiants<br \/>\n-Financer les professeurs et assistants<br \/>\n-Financer les frais de scolarit\u00e9\u00a0: locaux, syllabus, livres, impressions, autres mat\u00e9riels<\/p>\n<p>Aidez-nous \u00e0 prendre notre avenir en main\u00a0!<\/p>\n<p>&nbsp;<\/p>\n","protected":false},"excerpt":{"rendered":"<p>N&rsquo;hypoth\u00e9quons pas l&rsquo;avenir des jeunes. L\u2019enseignement sup\u00e9rieur est un investissement pour l\u2019ensemble de la soci\u00e9t\u00e9, tout autant qu\u2019un droit humain.<\/p>\n","protected":false},"author":2,"featured_media":180,"comment_status":"open","ping_status":"open","sticky":false,"template":"","format":"standard","meta":{"footnotes":""},"categories":[9],"tags":[25,26,28,27,29,19,24],"class_list":["post-50","post","type-post","status-publish","format-standard","has-post-thumbnail","hentry","category-education","tag-bourse","tag-enseignement","tag-etudiant","tag-financement","tag-hautes-ecoles","tag-logement","tag-universite"],"_links":{"self":[{"href":"https:\/\/www.gsara.tv\/bizbizboum\/index.php\/wp-json\/wp\/v2\/posts\/50","targetHints":{"allow":["GET"]}}],"collection":[{"href":"https:\/\/www.gsara.tv\/bizbizboum\/index.php\/wp-json\/wp\/v2\/posts"}],"about":[{"href":"https:\/\/www.gsara.tv\/bizbizboum\/index.php\/wp-json\/wp\/v2\/types\/post"}],"author":[{"embeddable":true,"href":"https:\/\/www.gsara.tv\/bizbizboum\/index.php\/wp-json\/wp\/v2\/users\/2"}],"replies":[{"embeddable":true,"href":"https:\/\/www.gsara.tv\/bizbizboum\/index.php\/wp-json\/wp\/v2\/comments?post=50"}],"version-history":[{"count":10,"href":"https:\/\/www.gsara.tv\/bizbizboum\/index.php\/wp-json\/wp\/v2\/posts\/50\/revisions"}],"predecessor-version":[{"id":297,"href":"https:\/\/www.gsara.tv\/bizbizboum\/index.php\/wp-json\/wp\/v2\/posts\/50\/revisions\/297"}],"wp:featuredmedia":[{"embeddable":true,"href":"https:\/\/www.gsara.tv\/bizbizboum\/index.php\/wp-json\/wp\/v2\/media\/180"}],"wp:attachment":[{"href":"https:\/\/www.gsara.tv\/bizbizboum\/index.php\/wp-json\/wp\/v2\/media?parent=50"}],"wp:term":[{"taxonomy":"category","embeddable":true,"href":"https:\/\/www.gsara.tv\/bizbizboum\/index.php\/wp-json\/wp\/v2\/categories?post=50"},{"taxonomy":"post_tag","embeddable":true,"href":"https:\/\/www.gsara.tv\/bizbizboum\/index.php\/wp-json\/wp\/v2\/tags?post=50"}],"curies":[{"name":"wp","href":"https:\/\/api.w.org\/{rel}","templated":true}]}}