{"id":48,"date":"2015-07-14T13:08:10","date_gmt":"2015-07-14T12:08:10","guid":{"rendered":"https:\/\/gsara.tv\/~bizbizboum\/?p=48"},"modified":"2015-09-16T16:14:05","modified_gmt":"2015-09-16T15:14:05","slug":"les-transports-en-commun","status":"publish","type":"post","link":"https:\/\/www.gsara.tv\/bizbizboum\/index.php\/2015\/07\/14\/les-transports-en-commun\/","title":{"rendered":"Mobili&rsquo;Terre"},"content":{"rendered":"<p><span style=\"text-decoration: underline;\"><strong>Pr\u00e9sentation du projet<\/strong><\/span><\/p>\n<p>A la sortie de la deuxi\u00e8me guerre mondiale, notre pays a connu un d\u00e9veloppement sans pr\u00e9c\u00e9dent&#8230; mais ce d\u00e9veloppement s&rsquo;est op\u00e9r\u00e9 dans une quasi d\u00e9connexion de la probl\u00e9matique du logement avec celle de la mobilit\u00e9.<br \/>\nC&rsquo;est ainsi que le citoyen belge a pu se procurer une voiture individuelle, l&rsquo;utiliser avec du p\u00e9trole \u00e0 bon march\u00e9 alors que dans un m\u00eame temps le service public investissait massivement dans les infrastructures routi\u00e8res au d\u00e9triment des transports en commun. Cela a permis \u00e0 la classe moyenne de fuir les villes, d&rsquo;\u00e9tendre les bourgades rurales dans les campagnes et d&rsquo;amener les familles \u00e0 parcourir d\u2019invraisemblables distances pour se rendre au travail, conduire les enfants \u00e0 l&rsquo;\u00e9cole, faire des courses, vivre ses loisirs&#8230;<\/p>\n<p>Aujourd&rsquo;hui, l\u2019\u00c9tat f\u00e9d\u00e9ral et les communes de Wallonie paient un lourd tribut \u00e0 l&rsquo;\u00e9talement urbain. Le vieillissement de la population, bient\u00f4t isol\u00e9e dans des villas quatre fa\u00e7ades de banlieue, coupl\u00e9 \u00e0 la rar\u00e9faction du p\u00e9trole, sont de v\u00e9ritables menaces qui se profilent \u00e0 l&rsquo;horizon. Peu \u00e0 peu, les CPAS seront dans l&rsquo;incapacit\u00e9 de soutenir le maintien \u00e0 domicile de personnes \u00e2g\u00e9es, isol\u00e9es et dispers\u00e9es sur le territoire, \u00e0 qui il faudra apporter des repas chauds, des soins \u00e0 domicile et proposer des activit\u00e9s de socialisation. Dans le m\u00eame temps, les maisons de repos deviennent impayables tant pour les investisseurs publics que pour les personnes \u00e2g\u00e9es.<\/p>\n<p>Il faut donc reconnecter les politiques de logement et de mobilit\u00e9. Ramener vers les centres urbains aussi bien les m\u00e9nages actifs que les personnes \u00e2g\u00e9es. C&rsquo;est pourquoi, nous lan\u00e7ons un projet ambitieux et citoyen. Avec votre soutien, nous pourrons mobiliser les espaces de logement tout en veillant \u00e0 soutenir la rationalisation des d\u00e9placements individuels. MOBILI&rsquo;TERRE\u00a0!<\/p>\n<p><span style=\"text-decoration: underline;\"><strong>Qui sommes-nous ?<\/strong><\/span><\/p>\n<p>Wallonie Mobilit\u00e9 est une division du Service Public de Wallonie qui rassemble tous les acteurs de la mobilit\u00e9 afin de d\u00e9velopper une approche coordonn\u00e9e, transversale et multidisciplinaire du probl\u00e8me de la mobilit\u00e9. Il s&rsquo;agit d&rsquo;une taskforce r\u00e9unissant la R\u00e9gion, le secteur priv\u00e9, les acad\u00e9miciens et les chercheurs. Ceux-ci conjuguent leurs efforts pour affronter le v\u00e9ritable d\u00e9fi de la &lsquo;mobilit\u00e9 intelligente&rsquo;: encourager la multimodalit\u00e9, r\u00e9duire la nocivit\u00e9 pour l&rsquo;environnement et utiliser au mieux l&rsquo;espace public. Cette coop\u00e9ration \u00e9vidente permettra de r\u00e9aliser et de promouvoir un r\u00e9el changement des comportements, permettant plus d&rsquo;interaction et une meilleure collaboration entre les diff\u00e9rents acteurs de la mobilit\u00e9.<\/p>\n<p><span style=\"text-decoration: underline;\"><strong>A quoi servira la collecte\u00a0?<\/strong><\/span><\/p>\n<p>Mobili&rsquo;Terre est un fonds d&rsquo;investissement public constitu\u00e9 exclusivement gr\u00e2ce \u00e0 la mobilisation de moyens financiers citoyens. Il vise \u00e0 acqu\u00e9rir et \u00e0 faire fructifier tous les terrains vierges et construits qu&rsquo;il lui sera possible d&rsquo;acqu\u00e9rir dans un rayon de 1500 m\u00e8tres autour des gares de train et de bus de Wallonie. Les logements moyens seront vendus \u00e0 des m\u00e9nages qui s&rsquo;engagent \u00e0 ne pas avoir de voitures (ni personnelles, ni de soci\u00e9t\u00e9). En cas de revente ult\u00e9rieure du bien, Mobili&rsquo;Terre aura un droit de pr\u00e9emption qui emp\u00eachera toute sp\u00e9culation ou d\u00e9tournement des finalit\u00e9s du logement.<\/p>\n","protected":false},"excerpt":{"rendered":"<p>Mobilisons-nous pour affronter le v\u00e9ritable d\u00e9fi de la &lsquo;mobilit\u00e9 intelligente&rsquo;: encourager la multimodalit\u00e9, r\u00e9duire la nocivit\u00e9 pour l&rsquo;environnement et utiliser au mieux l&rsquo;espace public<\/p>\n","protected":false},"author":2,"featured_media":266,"comment_status":"open","ping_status":"open","sticky":false,"template":"","format":"standard","meta":{"footnotes":""},"categories":[5],"tags":[19,18,21,20],"class_list":["post-48","post","type-post","status-publish","format-standard","has-post-thumbnail","hentry","category-environnement","tag-logement","tag-mobilite","tag-transports","tag-voiture"],"_links":{"self":[{"href":"https:\/\/www.gsara.tv\/bizbizboum\/index.php\/wp-json\/wp\/v2\/posts\/48","targetHints":{"allow":["GET"]}}],"collection":[{"href":"https:\/\/www.gsara.tv\/bizbizboum\/index.php\/wp-json\/wp\/v2\/posts"}],"about":[{"href":"https:\/\/www.gsara.tv\/bizbizboum\/index.php\/wp-json\/wp\/v2\/types\/post"}],"author":[{"embeddable":true,"href":"https:\/\/www.gsara.tv\/bizbizboum\/index.php\/wp-json\/wp\/v2\/users\/2"}],"replies":[{"embeddable":true,"href":"https:\/\/www.gsara.tv\/bizbizboum\/index.php\/wp-json\/wp\/v2\/comments?post=48"}],"version-history":[{"count":6,"href":"https:\/\/www.gsara.tv\/bizbizboum\/index.php\/wp-json\/wp\/v2\/posts\/48\/revisions"}],"predecessor-version":[{"id":267,"href":"https:\/\/www.gsara.tv\/bizbizboum\/index.php\/wp-json\/wp\/v2\/posts\/48\/revisions\/267"}],"wp:featuredmedia":[{"embeddable":true,"href":"https:\/\/www.gsara.tv\/bizbizboum\/index.php\/wp-json\/wp\/v2\/media\/266"}],"wp:attachment":[{"href":"https:\/\/www.gsara.tv\/bizbizboum\/index.php\/wp-json\/wp\/v2\/media?parent=48"}],"wp:term":[{"taxonomy":"category","embeddable":true,"href":"https:\/\/www.gsara.tv\/bizbizboum\/index.php\/wp-json\/wp\/v2\/categories?post=48"},{"taxonomy":"post_tag","embeddable":true,"href":"https:\/\/www.gsara.tv\/bizbizboum\/index.php\/wp-json\/wp\/v2\/tags?post=48"}],"curies":[{"name":"wp","href":"https:\/\/api.w.org\/{rel}","templated":true}]}}