{"id":44,"date":"2015-07-14T13:07:21","date_gmt":"2015-07-14T12:07:21","guid":{"rendered":"https:\/\/gsara.tv\/~bizbizboum\/?p=44"},"modified":"2015-09-16T16:14:59","modified_gmt":"2015-09-16T15:14:59","slug":"les-prisons-ouvertes","status":"publish","type":"post","link":"https:\/\/www.gsara.tv\/bizbizboum\/index.php\/2015\/07\/14\/les-prisons-ouvertes\/","title":{"rendered":"Une maison de r\u00e9insertion \u00e0 la place d&rsquo;une m\u00e9ga-prison"},"content":{"rendered":"<p><strong><span style=\"text-decoration: underline;\">Pr\u00e9sentation du projet<\/span><\/strong><\/p>\n<p>La Belgique compte 32 prisons : 16 en Flandre, 14 en Wallonie et 2 \u00e0 Bruxelles. En outre, afin de s&rsquo;attaquer \u00e0 court terme au probl\u00e8me de la surpopulation, 650 places de d\u00e9tention sont lou\u00e9es, pour une dur\u00e9e de trois ans, dans l&rsquo;\u00e9tablissement p\u00e9nitentiaire de Tilburg aux Pays-Bas.<\/p>\n<p align=\"JUSTIFY\">Les prisons sont respectivement ferm\u00e9es, semi-ouvertes (les d\u00e9tenus peuvent travailler la journ\u00e9e dans des ateliers \u00e0 l\u2019int\u00e9rieur ou \u00e0 l&rsquo;ext\u00e9rieur de la prison. La nuit, ils s\u00e9journent obligatoirement dans leur cellule) ou ouvertes (les mesures de s\u00e9curit\u00e9 sont moins strictes. Les d\u00e9tenus qui y s\u00e9journent acceptent volontairement un r\u00e9gime \u00e9ducatif avec des contraintes minimes).<\/p>\n<p align=\"JUSTIFY\">En 2014, alors que la capacit\u00e9 totale des prisons belges \u00e9tait de 9.592 personnes, la population carc\u00e9rale s&rsquo;\u00e9levait \u00e0 11.769 personnes auxquelles il faut ajouter 1.807 personnes soumises au bracelet \u00e9lectronique. En r\u00e9sum\u00e9, les prisons sont surpeupl\u00e9es, ce qui r\u00e9duit encore les chances de r\u00e9insertion des personnes appel\u00e9es \u00e0 \u00eatre remises en libert\u00e9.<\/p>\n<p align=\"JUSTIFY\"><span style=\"text-decoration: underline;\"><strong>Qui sommes-nous\u00a0?<\/strong><\/span><\/p>\n<p>La direction g\u00e9n\u00e9rale des \u00c9tablissements p\u00e9nitentiaires (EPI) est charg\u00e9e de l\u2019ex\u00e9cution des peines et mesures privatives de libert\u00e9. Respectant strictement la l\u00e9galit\u00e9, elle garantit la protection de la soci\u00e9t\u00e9, du personnel et des d\u00e9tenus, tout en \u00e9tant attentive \u00e0 la dignit\u00e9 humaine et ax\u00e9e sur la r\u00e9paration.<\/p>\n<p align=\"JUSTIFY\">EPI se compose d\u2019une administration centrale et de services ext\u00e9rieurs qui englobent tous les \u00e9tablissements p\u00e9nitentiaires. L\u2019administration centrale est principalement charg\u00e9e du contr\u00f4le et de l\u2019accompagnement des dossiers individuels des d\u00e9tenus ainsi que de la gestion du personnel. Les prisons assurent l\u2019ex\u00e9cution des peines et mesures privatives de libert\u00e9. Le corps de s\u00e9curit\u00e9, charg\u00e9 du transfert des d\u00e9tenus, fait \u00e9galement partie de cette direction g\u00e9n\u00e9rale.<\/p>\n<p align=\"JUSTIFY\"><strong><span style=\"text-decoration: underline;\">A quoi servira la collecte ?<\/span><\/strong><\/p>\n<p>Avec l&rsquo;aide d&rsquo;experts internationaux en sciences juridiques et p\u00e9nitentiaires et en concertation avec tous les intervenants du monde carc\u00e9ral belge, nous avons pu mod\u00e9liser un parcours p\u00e9nitentiaire id\u00e9al; \u00e0 savoir, entre la mise en d\u00e9tention pr\u00e9ventive et la lev\u00e9e d&rsquo;\u00e9crou, nous avons d\u00e9termin\u00e9 l&rsquo;ensemble des facteurs et intervenants n\u00e9cessaires pour parvenir \u00e0 baisser de mani\u00e8re significative le taux de r\u00e9cidive. Cela passe par la mise sur pied de \u00ab maisons pr\u00e9ventives \u00bb et de \u00ab maisons de r\u00e9insertion \u00bb, soigneusement isol\u00e9es par rapport au reste de la population carc\u00e9rale. L&rsquo;argent collect\u00e9 \u00e0 l&rsquo;occasion de cette op\u00e9ration est strictement r\u00e9serv\u00e9 \u00e0 un projet pilote de maison de r\u00e9insertion, \u00e0 savoir un b\u00e2timent semi-ouvert qui pourrait h\u00e9berger maximum 100 personnes. Les 100 d\u00e9tenus seraient mis en relation avec des intervenants multi-disciplinaires (\u00e9ducation, sant\u00e9, emploi, culture&#8230;) qui veilleraient \u00e0 une r\u00e9insertion parfaite des personnes concern\u00e9es.<\/p>\n","protected":false},"excerpt":{"rendered":"<p>Projet de construction d&rsquo;une maison de r\u00e9insertion pour faire baisser le taux de r\u00e9cidive<\/p>\n","protected":false},"author":2,"featured_media":176,"comment_status":"open","ping_status":"open","sticky":false,"template":"","format":"standard","meta":{"footnotes":""},"categories":[8],"tags":[32,27,39,38],"class_list":["post-44","post","type-post","status-publish","format-standard","has-post-thumbnail","hentry","category-social","tag-crowdfunding","tag-financement","tag-insertion","tag-prison"],"_links":{"self":[{"href":"https:\/\/www.gsara.tv\/bizbizboum\/index.php\/wp-json\/wp\/v2\/posts\/44","targetHints":{"allow":["GET"]}}],"collection":[{"href":"https:\/\/www.gsara.tv\/bizbizboum\/index.php\/wp-json\/wp\/v2\/posts"}],"about":[{"href":"https:\/\/www.gsara.tv\/bizbizboum\/index.php\/wp-json\/wp\/v2\/types\/post"}],"author":[{"embeddable":true,"href":"https:\/\/www.gsara.tv\/bizbizboum\/index.php\/wp-json\/wp\/v2\/users\/2"}],"replies":[{"embeddable":true,"href":"https:\/\/www.gsara.tv\/bizbizboum\/index.php\/wp-json\/wp\/v2\/comments?post=44"}],"version-history":[{"count":8,"href":"https:\/\/www.gsara.tv\/bizbizboum\/index.php\/wp-json\/wp\/v2\/posts\/44\/revisions"}],"predecessor-version":[{"id":305,"href":"https:\/\/www.gsara.tv\/bizbizboum\/index.php\/wp-json\/wp\/v2\/posts\/44\/revisions\/305"}],"wp:featuredmedia":[{"embeddable":true,"href":"https:\/\/www.gsara.tv\/bizbizboum\/index.php\/wp-json\/wp\/v2\/media\/176"}],"wp:attachment":[{"href":"https:\/\/www.gsara.tv\/bizbizboum\/index.php\/wp-json\/wp\/v2\/media?parent=44"}],"wp:term":[{"taxonomy":"category","embeddable":true,"href":"https:\/\/www.gsara.tv\/bizbizboum\/index.php\/wp-json\/wp\/v2\/categories?post=44"},{"taxonomy":"post_tag","embeddable":true,"href":"https:\/\/www.gsara.tv\/bizbizboum\/index.php\/wp-json\/wp\/v2\/tags?post=44"}],"curies":[{"name":"wp","href":"https:\/\/api.w.org\/{rel}","templated":true}]}}