{"id":40,"date":"2015-07-14T13:04:02","date_gmt":"2015-07-14T12:04:02","guid":{"rendered":"https:\/\/gsara.tv\/~bizbizboum\/?p=40"},"modified":"2015-09-23T13:43:27","modified_gmt":"2015-09-23T12:43:27","slug":"nos-retraites","status":"publish","type":"post","link":"https:\/\/www.gsara.tv\/bizbizboum\/index.php\/2015\/07\/14\/nos-retraites\/","title":{"rendered":"Pensons \u00e0 nos pensions"},"content":{"rendered":"<p><span style=\"text-decoration: underline;\"><strong>Pr\u00e9sentation du projet<\/strong><\/span><\/p>\n<p>Il est plus tard que nous le pensions !<\/p>\n<p>Notre syst\u00e8me de pensions est principalement financ\u00e9 par les cotisations des travailleurs actifs. Mais aujourd\u2019hui, la g\u00e9n\u00e9ration du baby-boom des ann\u00e9es 60 atteint l\u2019\u00e2ge de la pension et les retrait\u00e9s vivent de plus en plus longtemps alors que le nombre de travailleurs qui financent le syst\u00e8me ne cesse de diminuer, en raison de diff\u00e9rents facteurs\u00a0: diminution du nombre de naissances, ch\u00f4mage, etc.\u00a0 Il est bien entendu possible de tenter d\u2019agir sur le nombre de cotisants, en menant des politiques d\u2019emploi ambitieuses, et en encourageant l\u2019immigration,\u00a0 mais les effets de telles politiques sont lents et al\u00e9atoires.<\/p>\n<p>Une autre piste consiste \u00e0 augmenter l\u2019\u00e2ge d\u2019acc\u00e8s \u00e0 la pension, et\/ou \u00e0 diminuer le montant des prestations. C\u2019est ce \u00e0 quoi se sont employ\u00e9s les derniers gouvernements, par petite touche ou \u2013 comme ce sera le cas dans les prochains mois\u00a0 &#8211; en proc\u00e9dant \u00e0 des r\u00e9formes plus radicales. Ces mesures alt\u00e9reront significativement les fonctions du syst\u00e8me de pensions, jusqu\u2019\u00e0 le vider de sa raison d\u2019\u00eatre : aujourd\u2019hui, les pensions belges sont d\u00e9j\u00e0 moins \u00e9lev\u00e9es que les pensions allemandes, fran\u00e7aises ou luxembourgeoises et une proportion de plus en plus importante de retrait\u00e9s vit sous le seuil de pauvret\u00e9. Demain, les travailleurs arriveront\u00a0 &#8211; s\u2019ils y arrivent \u2013 \u00e9puis\u00e9s \u00e0 l\u2019\u00e2ge de plus en plus tardif de la retraite, et les pensions dont ils b\u00e9n\u00e9ficieront seront insuffisantes pour permettre \u00e0 la plupart de vivre dignement.<\/p>\n<p>La meilleure solution consisterait \u00e0 refinancer le r\u00e9gime de pensions, en lui affectant de nouvelles recettes. Mais dans le contexte des politiques d\u2019aust\u00e9rit\u00e9, c\u2019est la r\u00e9duction des recettes qui a \u00e9t\u00e9 d\u00e9cid\u00e9e, notamment par la diminution des cotisations patronales, ce qui s\u2019apparente \u00e0 une v\u00e9ritable liquidation du syst\u00e8me. Il y aura d\u00e9sormais d\u2019un c\u00f4t\u00e9, les travailleurs qui auront pu se constituer une pension priv\u00e9e, et de l\u2019autre tous ceux qui se retrouveront sans ressources suffisantes. L\u2019heure est donc grave. Face au d\u00e9mant\u00e8lement du syst\u00e8me de pensions, l\u2019Office National des Pensionn\u00e9s sollicite votre aide.<br \/>\nVieux belge, c&rsquo;est pour toi que sonne le glas\u00a0!<\/p>\n<p><span style=\"text-decoration: underline;\"><strong>Qui suis-je\u00a0?<\/strong><\/span><\/p>\n<p>L\u2019Office national des Pensionn\u00e9s est une institution publique de s\u00e9curit\u00e9 sociale, qui trouve ses racines dans le projet d\u2019accord de solidarit\u00e9 sociale, sign\u00e9 en ao\u00fbt 1944. Ce projet instituait la s\u00e9curit\u00e9 sociale belge.<\/p>\n<p>Nos 3 missions sont\u00a0:<br \/>\n&#8211; Informer le citoyen \u00e0 propos des pensions du r\u00e9gime salari\u00e9 et de la Garantie de revenus aux personnes \u00e2g\u00e9es (Grapa).<br \/>\n&#8211; Calculer les pensions des salari\u00e9s et la Grapa.<br \/>\n&#8211; Payer les pensions\u00a0des salari\u00e9s et les pensions des ind\u00e9pendants ainsi que la Grapa.<br \/>\nNotre si\u00e8ge central se situe \u00e0 Bruxelles, dans\u00a0la Tour du Midi.<\/p>\n<p><span style=\"text-decoration: underline;\"><strong>A quoi servira la collecte\u00a0?<\/strong><\/span><\/p>\n<p>La GRAPA est une allocation d\u2019assistance octroy\u00e9e aux seniors qui, suite \u00e0 des circonstances particuli\u00e8res, n\u2019ont pas \u00e9t\u00e9 en mesure de se constituer une carri\u00e8re donnant droit \u00e0 une pension suffisante. Elle permet ainsi d\u2019assurer aux seniors une certaine protection contre la pauvret\u00e9. L\u2019obtention d\u2019une GRAPA est subordonn\u00e9e \u00e0 une s\u00e9rie de conditions telles que l\u2019\u00e2ge, la nationalit\u00e9 et la r\u00e9sidence.<\/p>\n<p>La GRAPA n\u2019est accord\u00e9e qu\u2019apr\u00e8s une enqu\u00eate sur les ressources et les pensions dont dispose le demandeur ainsi que celles des personnes qui partagent le m\u00eame lieu de r\u00e9sidence principale. A la fin de l\u2019enqu\u00eate, le Senior re\u00e7oit une somme \u00e9gale \u00e0 la diff\u00e9rence entre le montant maximum de la GRAPA et les ressources dont il dispose par ailleurs.<\/p>\n<p>La collecte servira \u00e0 financer \u2013 et m\u00eame \u00e0 renverser &#8211; l\u2019architecture g\u00e9n\u00e9rale du r\u00e9gime de pensions de la mani\u00e8re suivante\u00a0:<br \/>\n&#8211; Le montant de la GRAPA sera relev\u00e9 de mani\u00e8re \u00e0 assurer un revenu digne \u00e0 chaque senior\u00a0;<br \/>\n&#8211; Ce montant int\u00e9gral sera vers\u00e9 \u00e0 chaque senior, de mani\u00e8re inconditionnelle, et ind\u00e9pendamment de sa situation\u00a0 \u00e9conomique et familiale\u00a0;<br \/>\n&#8211; Le montant de la GRAPA sera ensuite d\u00e9duit des pensions de retraite vers\u00e9es aux seniors qui y ont droit.<\/p>\n","protected":false},"excerpt":{"rendered":"<p>Face au d\u00e9mant\u00e8lement du syst\u00e8me de pensions, mobilisons-nous pour assurer aux seniors une certaine protection contre la pauvret\u00e9.<\/p>\n","protected":false},"author":2,"featured_media":174,"comment_status":"open","ping_status":"open","sticky":false,"template":"","format":"standard","meta":{"footnotes":""},"categories":[8],"tags":[16,17,15],"class_list":["post-40","post","type-post","status-publish","format-standard","has-post-thumbnail","hentry","category-social","tag-grapa","tag-pension","tag-retraite"],"_links":{"self":[{"href":"https:\/\/www.gsara.tv\/bizbizboum\/index.php\/wp-json\/wp\/v2\/posts\/40","targetHints":{"allow":["GET"]}}],"collection":[{"href":"https:\/\/www.gsara.tv\/bizbizboum\/index.php\/wp-json\/wp\/v2\/posts"}],"about":[{"href":"https:\/\/www.gsara.tv\/bizbizboum\/index.php\/wp-json\/wp\/v2\/types\/post"}],"author":[{"embeddable":true,"href":"https:\/\/www.gsara.tv\/bizbizboum\/index.php\/wp-json\/wp\/v2\/users\/2"}],"replies":[{"embeddable":true,"href":"https:\/\/www.gsara.tv\/bizbizboum\/index.php\/wp-json\/wp\/v2\/comments?post=40"}],"version-history":[{"count":12,"href":"https:\/\/www.gsara.tv\/bizbizboum\/index.php\/wp-json\/wp\/v2\/posts\/40\/revisions"}],"predecessor-version":[{"id":366,"href":"https:\/\/www.gsara.tv\/bizbizboum\/index.php\/wp-json\/wp\/v2\/posts\/40\/revisions\/366"}],"wp:featuredmedia":[{"embeddable":true,"href":"https:\/\/www.gsara.tv\/bizbizboum\/index.php\/wp-json\/wp\/v2\/media\/174"}],"wp:attachment":[{"href":"https:\/\/www.gsara.tv\/bizbizboum\/index.php\/wp-json\/wp\/v2\/media?parent=40"}],"wp:term":[{"taxonomy":"category","embeddable":true,"href":"https:\/\/www.gsara.tv\/bizbizboum\/index.php\/wp-json\/wp\/v2\/categories?post=40"},{"taxonomy":"post_tag","embeddable":true,"href":"https:\/\/www.gsara.tv\/bizbizboum\/index.php\/wp-json\/wp\/v2\/tags?post=40"}],"curies":[{"name":"wp","href":"https:\/\/api.w.org\/{rel}","templated":true}]}}