{"id":36,"date":"2015-07-14T13:02:56","date_gmt":"2015-07-14T12:02:56","guid":{"rendered":"https:\/\/gsara.tv\/~bizbizboum\/?p=36"},"modified":"2015-09-17T13:02:29","modified_gmt":"2015-09-17T12:02:29","slug":"les-creches","status":"publish","type":"post","link":"https:\/\/www.gsara.tv\/bizbizboum\/index.php\/2015\/07\/14\/les-creches\/","title":{"rendered":"Des places pour nos poupons dans les cr\u00e8ches"},"content":{"rendered":"<p><span style=\"text-decoration: underline;\"><strong>Pr\u00e9sentation du projet<\/strong><\/span><\/p>\n<p>Si vous \u00eates jeunes parents, vous avez probablement d\u00fb t\u00e9l\u00e9phoner \u00e0 plusieurs endroits et patienter sur des listes d\u2019attentes interminables avant d\u2019obtenir, dans le meilleur des cas, la place tant convoit\u00e9e, parfois assez loin de votre domicile ou lieu de travail.<\/p>\n<p>Le besoin de places d\u2019accueil est consid\u00e9rable\u00a0! Il faut cr\u00e9er 3 500 nouvelles places par an jusqu\u2019en 2022 pour r\u00e9pondre aux besoins des parents et garantir un accueil de qualit\u00e9 pour chaque enfant.<br \/>\nL\u2019offre\u00a0est lacunaire, particuli\u00e8rement \u00e0 Bruxelles, qui est confront\u00e9e \u00e0 un v\u00e9ritable boom d\u00e9mographique. Le taux de couverture, c&rsquo;est-\u00e0-dire le rapport entre le nombre d&rsquo;enfants et le nombre de places d&rsquo;accueil, n&rsquo;\u00e9quivaut qu&rsquo;\u00e0 environ 28% en F\u00e9d\u00e9ration Wallonie-Bruxelles. Les disponibilit\u00e9s\u00a0financi\u00e8res publiques \u00e9tant tr\u00e8s r\u00e9duites et les proc\u00e9dures de march\u00e9 longues et co\u00fbteuses. Il faut pouvoir r\u00e9pondre \u00e0 100 % aux besoins des parents mais aussi proposer des places accessibles financi\u00e8rement \u00e0 tous les parents et garantir un accueil de qualit\u00e9 pour chaque enfant. En situation de p\u00e9nurie comme c\u2019est le cas actuellement, ce sont les plus faibles qui p\u00e2tissent dans la mesure o\u00f9 les parents ne s\u2019inscrivent pas au bon moment, ne savent pas jouer des coudes et sont moins \u00e0 l\u2019aise avec le fonctionnement de ces structures.<\/p>\n<p>Gr\u00e2ce \u00e0 vous, nous pourrons mobiliser 15 millions \u20ac pour la construction de 3 500 nouvelles\u00a0cr\u00e8ches en Belgique d\u2019ici \u00e0\u00a02022. Rejoignez cet appel urgent et faites passer le mot \u00e0 tout le monde\u00a0!<\/p>\n<p><span style=\"text-decoration: underline;\"><strong>Qui sommes-nous\u00a0?<\/strong><\/span><br \/>\n<em>La Ligue des parents<\/em> est un mouvement parental, \u00e9ducatif et citoyen r\u00e9sidant \u00e0 Bruxelles. Nous pensons que le parent est le premier \u00e9ducateur de son enfant et, \u00e0 ce titre, joue un r\u00f4le essentiel dans la transmission des valeurs \u00e9ducatives et l\u2019accompagnement de l\u2019enfant. Autour de l\u2019enfant, il y a de nombreux acteurs (famille, \u00e9ducateurs, enseignants, sp\u00e9cialistes du m\u00e9dical, du m\u00e9dico-social&#8230;) et le r\u00f4le des parents se d\u00e9cline par une coop\u00e9ration entre parents et professionnels.<br \/>\nDepuis 40 ans, nous agissons pour\u00a0:<br \/>\n&#8211; Encourager le financement d\u2019\u00e9tablissements d\u2019accueil<br \/>\n&#8211; Sensibiliser tous les partenaires sociaux pour la prise en compte du jeune enfant dans la soci\u00e9t\u00e9<br \/>\n&#8211; Participer \u00e0 la r\u00e9flexion et \u00e0 la recherche pour un travail de qualit\u00e9 aupr\u00e8s du jeune enfant<\/p>\n<p>&nbsp;<\/p>\n<div id=\"attachment_201\" style=\"width: 970px\" class=\"wp-caption aligncenter\"><a href=\"https:\/\/gsara.tv\/bizbizboum\/wp-content\/uploads\/2015\/07\/Nursery_school_environment.jpg\"><img loading=\"lazy\" decoding=\"async\" aria-describedby=\"caption-attachment-201\" class=\"wp-image-201 size-full\" src=\"https:\/\/gsara.tv\/bizbizboum\/wp-content\/uploads\/2015\/07\/Nursery_school_environment.jpg\" alt=\"Nursery_school_environment\" width=\"960\" height=\"720\" srcset=\"https:\/\/www.gsara.tv\/bizbizboum\/wp-content\/uploads\/2015\/07\/Nursery_school_environment.jpg 960w, https:\/\/www.gsara.tv\/bizbizboum\/wp-content\/uploads\/2015\/07\/Nursery_school_environment-300x225.jpg 300w\" sizes=\"auto, (max-width: 960px) 100vw, 960px\" \/><\/a><p id=\"caption-attachment-201\" class=\"wp-caption-text\">Cr\u00e9dit : Chspf<\/p><\/div>\n<p><span style=\"text-decoration: underline;\"><strong><br \/>\n\u00c0 quoi servira la collecte ?<\/strong><\/span><\/p>\n<p>Les besoins sont nombreux pour la construction de 3 500 nouvelles\u00a0cr\u00e8ches en Belgique d\u2019ici \u00e0\u00a02022. Nous privil\u00e9gierons les postes d&rsquo;infrastructure (locaux d&rsquo;accueil) et de fonctionnement (frais de personnel,\u00a0loyer, mat\u00e9riel et entretien,\u00a0consommables, \u00e9nergie-Fluide,\u00a0frais administratifs, charges,\u00a0honoraires &amp; cotisations, assurances).<\/p>\n","protected":false},"excerpt":{"rendered":"<p>Le besoin de places d\u2019accueil est consid\u00e9rable ! Il faut cr\u00e9er 3 500 nouvelles places par an jusqu\u2019en 2022 pour r\u00e9pondre aux besoins des parents et garantir un accueil de qualit\u00e9 pour chaque enfant.<\/p>\n","protected":false},"author":2,"featured_media":171,"comment_status":"open","ping_status":"open","sticky":false,"template":"","format":"standard","meta":{"footnotes":""},"categories":[9],"tags":[22,23],"class_list":["post-36","post","type-post","status-publish","format-standard","has-post-thumbnail","hentry","category-education","tag-creche","tag-enfant"],"_links":{"self":[{"href":"https:\/\/www.gsara.tv\/bizbizboum\/index.php\/wp-json\/wp\/v2\/posts\/36","targetHints":{"allow":["GET"]}}],"collection":[{"href":"https:\/\/www.gsara.tv\/bizbizboum\/index.php\/wp-json\/wp\/v2\/posts"}],"about":[{"href":"https:\/\/www.gsara.tv\/bizbizboum\/index.php\/wp-json\/wp\/v2\/types\/post"}],"author":[{"embeddable":true,"href":"https:\/\/www.gsara.tv\/bizbizboum\/index.php\/wp-json\/wp\/v2\/users\/2"}],"replies":[{"embeddable":true,"href":"https:\/\/www.gsara.tv\/bizbizboum\/index.php\/wp-json\/wp\/v2\/comments?post=36"}],"version-history":[{"count":12,"href":"https:\/\/www.gsara.tv\/bizbizboum\/index.php\/wp-json\/wp\/v2\/posts\/36\/revisions"}],"predecessor-version":[{"id":344,"href":"https:\/\/www.gsara.tv\/bizbizboum\/index.php\/wp-json\/wp\/v2\/posts\/36\/revisions\/344"}],"wp:featuredmedia":[{"embeddable":true,"href":"https:\/\/www.gsara.tv\/bizbizboum\/index.php\/wp-json\/wp\/v2\/media\/171"}],"wp:attachment":[{"href":"https:\/\/www.gsara.tv\/bizbizboum\/index.php\/wp-json\/wp\/v2\/media?parent=36"}],"wp:term":[{"taxonomy":"category","embeddable":true,"href":"https:\/\/www.gsara.tv\/bizbizboum\/index.php\/wp-json\/wp\/v2\/categories?post=36"},{"taxonomy":"post_tag","embeddable":true,"href":"https:\/\/www.gsara.tv\/bizbizboum\/index.php\/wp-json\/wp\/v2\/tags?post=36"}],"curies":[{"name":"wp","href":"https:\/\/api.w.org\/{rel}","templated":true}]}}