{"id":34,"date":"2015-07-14T13:02:25","date_gmt":"2015-07-14T12:02:25","guid":{"rendered":"https:\/\/gsara.tv\/~bizbizboum\/?p=34"},"modified":"2015-09-21T08:34:05","modified_gmt":"2015-09-21T07:34:05","slug":"les-allocations-dinsertion-pour-les-exclus","status":"publish","type":"post","link":"https:\/\/www.gsara.tv\/bizbizboum\/index.php\/2015\/07\/14\/les-allocations-dinsertion-pour-les-exclus\/","title":{"rendered":"Une collecte pour les exclus du ch\u00f4mage"},"content":{"rendered":"<p><span style=\"text-decoration: underline;\"><strong>Pr\u00e9sentation du projet<\/strong><\/span><\/p>\n<p>La r\u00e9forme sur les allocations de ch\u00f4mage, entr\u00e9e en vigueur le 1er novembre 2012 a fait basculer des milliers de m\u00e9nages d\u2019une douloureuse pr\u00e9carit\u00e9 dans une pauvret\u00e9 plus rude encore. Depuis novembre 2012, avec la d\u00e9gressivit\u00e9 accrue des allocations de ch\u00f4mage, l\u2019aust\u00e9rit\u00e9 frappe durement les demandeurs d&#8217;emploi. Depuis l&rsquo;application de l\u2019article 63\u00a72 en janvier 2015, limitant les allocations d&rsquo;insertion dans le temps, de nombreux jeunes ch\u00f4meurs ont vu leurs allocations purement et simplement supprim\u00e9es. La\u00a0d\u00e9gressivit\u00e9 accrue des allocations de ch\u00f4mage va avoir des r\u00e9percussions imm\u00e9diates et dramatiques sur le niveau de vie des diff\u00e9rentes cat\u00e9gories de ch\u00f4meurs, en particulier les femmes seules avec enfants.<\/p>\n<p>Face \u00e0 cette r\u00e9gression sociale dans un pays qui compte d\u00e9j\u00e0 15% de pauvres, nous devons \u00eatre solidaires et cotiser. Devant une telle injustice, nous devons compenser les mesures d\u2019aust\u00e9rit\u00e9 prises par le gouvernement.<\/p>\n<p>Aidez-nous \u00e0 retrouver nos moyens d&rsquo;existence, nous avons grand besoin de vos dons !<\/p>\n<p><span style=\"text-decoration: underline;\"><strong>Qui sommes-nous ?<\/strong><\/span><\/p>\n<p>Cr\u00e9\u00e9 en 2014, <em>le Collectif Solidarit\u00e9 avec les ch\u00f4meurs<\/em> r\u00e9unit des personnes (avec ou sans emploi), des associations et des acteurs syndicaux. Ensemble, nous luttons pour le respect des droits et la dignit\u00e9 des ch\u00f4meurs.<\/p>\n<p><span style=\"text-decoration: underline;\"><strong>\u00c0 quoi servira la collecte ?<\/strong><\/span><br \/>\nLa collecte permettra aux exclus du ch\u00f4mage (13.500 en Wallonie, 3.210 en Flandre et 3.248 \u00e0 Bruxelles) de couvrir leurs d\u00e9penses li\u00e9es aux besoins quotidiens :<br \/>\n&#8211; Logement\u00a0(loyer, charges, d\u00e9penses \u00e9nerg\u00e9tiques, entretien et r\u00e9paration)<br \/>\n&#8211; Alimentation<br \/>\n&#8211; Transports et communications<br \/>\n&#8211; Soins et services personnels<br \/>\n&#8211; Culture et le temps libre<br \/>\n&#8211; Horeca<br \/>\n&#8211; Soins de sant\u00e9<\/p>\n","protected":false},"excerpt":{"rendered":"<p>La d\u00e9gressivit\u00e9 accrue des allocations de ch\u00f4mage va avoir des r\u00e9percussions imm\u00e9diates et dramatiques sur le niveau de vie des ch\u00f4meurs. Devant une telle injustice, nous devons compenser les mesures d\u2019aust\u00e9rit\u00e9 prises par le gouvernement.<\/p>\n","protected":false},"author":2,"featured_media":168,"comment_status":"open","ping_status":"open","sticky":false,"template":"","format":"standard","meta":{"footnotes":""},"categories":[8],"tags":[36,37,34,35],"class_list":["post-34","post","type-post","status-publish","format-standard","has-post-thumbnail","hentry","category-social","tag-allocations","tag-austerite","tag-chomage","tag-exclusion"],"_links":{"self":[{"href":"https:\/\/www.gsara.tv\/bizbizboum\/index.php\/wp-json\/wp\/v2\/posts\/34","targetHints":{"allow":["GET"]}}],"collection":[{"href":"https:\/\/www.gsara.tv\/bizbizboum\/index.php\/wp-json\/wp\/v2\/posts"}],"about":[{"href":"https:\/\/www.gsara.tv\/bizbizboum\/index.php\/wp-json\/wp\/v2\/types\/post"}],"author":[{"embeddable":true,"href":"https:\/\/www.gsara.tv\/bizbizboum\/index.php\/wp-json\/wp\/v2\/users\/2"}],"replies":[{"embeddable":true,"href":"https:\/\/www.gsara.tv\/bizbizboum\/index.php\/wp-json\/wp\/v2\/comments?post=34"}],"version-history":[{"count":15,"href":"https:\/\/www.gsara.tv\/bizbizboum\/index.php\/wp-json\/wp\/v2\/posts\/34\/revisions"}],"predecessor-version":[{"id":296,"href":"https:\/\/www.gsara.tv\/bizbizboum\/index.php\/wp-json\/wp\/v2\/posts\/34\/revisions\/296"}],"wp:featuredmedia":[{"embeddable":true,"href":"https:\/\/www.gsara.tv\/bizbizboum\/index.php\/wp-json\/wp\/v2\/media\/168"}],"wp:attachment":[{"href":"https:\/\/www.gsara.tv\/bizbizboum\/index.php\/wp-json\/wp\/v2\/media?parent=34"}],"wp:term":[{"taxonomy":"category","embeddable":true,"href":"https:\/\/www.gsara.tv\/bizbizboum\/index.php\/wp-json\/wp\/v2\/categories?post=34"},{"taxonomy":"post_tag","embeddable":true,"href":"https:\/\/www.gsara.tv\/bizbizboum\/index.php\/wp-json\/wp\/v2\/tags?post=34"}],"curies":[{"name":"wp","href":"https:\/\/api.w.org\/{rel}","templated":true}]}}