{"id":30,"date":"2015-07-14T13:01:25","date_gmt":"2015-07-14T12:01:25","guid":{"rendered":"https:\/\/gsara.tv\/~bizbizboum\/?p=30"},"modified":"2015-09-21T08:36:02","modified_gmt":"2015-09-21T07:36:02","slug":"le-financement-du-systeme-daide-juridique","status":"publish","type":"post","link":"https:\/\/www.gsara.tv\/bizbizboum\/index.php\/2015\/07\/14\/le-financement-du-systeme-daide-juridique\/","title":{"rendered":"Justice pour tous"},"content":{"rendered":"<p><span style=\"text-decoration: underline;\"><strong>Pr\u00e9sen<\/strong><strong>tation<\/strong><strong> du projet<\/strong><\/span><\/p>\n<p>L\u2019aide juridique est fondamentale en ce qu\u2019elle permet aux personnes qui ne disposent pas des moyens suffisants pour aller en justice, de faire valoir et d\u00e9fendre leurs droits. Il s\u2019agit d\u2019un droit garanti par la Convention europ\u00e9enne des droits de l\u2019Homme (art. 6), mais aussi par notre Constitution (art. 23) qui fait de l\u2019aide juridique une des composantes du droit \u00e0 mener une vie conforme \u00e0 la dignit\u00e9 humaine.<\/p>\n<p>La justice doit se r\u00e9former, se moderniser mais l\u2019acc\u00e8s \u00e0 la justice se d\u00e9grade constamment sous le coup des mesures successives qui l&rsquo;assaillent. La justice n\u2019est plus un droit, mais un produit qui n\u2019est plus accessible qu\u2019\u00e0 certains privil\u00e9gi\u00e9s. Pour une majorit\u00e9 de citoyens en Belgique, les obstacles \u00e0 l\u2019acc\u00e8s \u00e0 la justice deviendront insurmontables avec le plan du ministre Koen Geens.<\/p>\n<p>Le gouvernement projette d\u2019\u00e9conomiser 10 % sur le budget de la justice. La premi\u00e8re mesure mise en application a \u00e9t\u00e9 d\u2019augmenter de 55 % les droits de greffe \u00e0 savoir les frais d\u2019inscription d\u2019une demande en justice ou pour aller en appel. Le gouvernement pr\u00e9voit de fermer un nombre important de cours de justice de paix, de r\u00e9duire les droits de la d\u00e9fense, de durcir et de restreindre le syst\u00e8me Pro Deo, d\u2019introduire une transaction p\u00e9nale, d\u2019introduire encore plus de formalisme,\u2026 et refuse d\u2019investir dans la justice. Autant dire que ces mesures rendent l\u2019assistance d\u2019un avocat impossible pour beaucoup de citoyens. Les personnes \u00e0 revenus faibles ou moyens en sont les premi\u00e8res victimes.<\/p>\n<p>Face aux difficult\u00e9s budg\u00e9taires actuelles de l\u2019Etat belge, nous avons besoin de votre aide. Nous demandons pour tous le respect du droit constitutionnel d\u2019acc\u00e8s \u00e0 un juge ind\u00e9pendant. Nous r\u00e9clamons des moyens suffisants pour\u00a0 une justice d\u00e9mocratique et accessible \u00e0 tous.<\/p>\n<p>Quand la Justice est attaqu\u00e9e, la d\u00e9mocratie est en danger.<\/p>\n<p>N\u2019attendez plus et investissez dans la justice\u00a0!<\/p>\n<p>&nbsp;<\/p>\n<div id=\"attachment_187\" style=\"width: 710px\" class=\"wp-caption aligncenter\"><a href=\"https:\/\/gsara.tv\/bizbizboum\/wp-content\/uploads\/2015\/07\/justice-2.jpg\"><img loading=\"lazy\" decoding=\"async\" aria-describedby=\"caption-attachment-187\" class=\"wp-image-187 size-large\" src=\"https:\/\/gsara.tv\/bizbizboum\/wp-content\/uploads\/2015\/07\/justice-2-1024x425.jpg\" alt=\"justice-2\" width=\"700\" height=\"291\" srcset=\"https:\/\/www.gsara.tv\/bizbizboum\/wp-content\/uploads\/2015\/07\/justice-2.jpg 1024w, https:\/\/www.gsara.tv\/bizbizboum\/wp-content\/uploads\/2015\/07\/justice-2-300x125.jpg 300w\" sizes=\"auto, (max-width: 700px) 100vw, 700px\" \/><\/a><p id=\"caption-attachment-187\" class=\"wp-caption-text\">Cr\u00e9dit photo : Scott Robinson<\/p><\/div>\n<p>&nbsp;<\/p>\n<p><span style=\"text-decoration: underline;\"><strong>Qui suis-je ?<br \/>\n<\/strong><\/span><\/p>\n<p>Je suis M<sup>e <\/sup>Maria Acampora, Avocate sp\u00e9cialis\u00e9e dans le droit de la jeunesse. Les mineurs, comme les malades mentaux ou les \u00e9trangers en situation irr\u00e9guli\u00e8re, b\u00e9n\u00e9ficient automatiquement de l\u2019aide juridique, ce qui explique pourquoi je continue \u00e0 en faire, \u00e0 raison d\u2019environ 40 % des dossiers que je traite. Mais il existe un autre motif, plus fondamental. J\u2019ai toujours refus\u00e9 d\u2019\u00eatre uniquement l\u2019avocate des riches, du moins de ceux qui ont les moyens de payer les services d\u2019un avocat et je me suis toujours promis de ne pas l\u00e2cher le pro deo. Je revendique le respect par le gouvernement de droit fondamental \u00e0 l\u2019acc\u00e8s \u00e0 une justice ind\u00e9pendante pour tous.<\/p>\n<p><span style=\"text-decoration: underline;\"><strong>\u00c0 quoi servira la collecte ?<\/strong><\/span><\/p>\n<p>Nous devons am\u00e9liorer la qualit\u00e9 du syst\u00e8me d\u2019aide juridique de premi\u00e8re ligne et de deuxi\u00e8me ligne.<\/p>\n<p>* En ce qui concerne l\u2019aide juridique de premi\u00e8re ligne\u00a0:<br \/>\n&#8211; Les permanences d\u2019avocats<br \/>\n&#8211; Les consultations juridiques permettant aux personnes de mieux conna\u00eetre leurs droits et les mani\u00e8res les plus efficaces de les d\u00e9fendre<\/p>\n<p>* En ce qui concerne l\u2019aide juridique de deuxi\u00e8me ligne :<br \/>\n&#8211; Un syst\u00e8me de formation obligatoire et continue des avocats pro deo<br \/>\n&#8211; Une r\u00e9mun\u00e9ration juste et correcte des avocats<br \/>\n&#8211; Les frais de justice tels que les droits de greffe et les droits de r\u00f4le\u00a0(les frais de correspondance, de d\u00e9placements et de t\u00e9l\u00e9phone)<\/p>\n","protected":false},"excerpt":{"rendered":"<p>Le Plan Geens, concoct\u00e9 sans concertation aucune avec la soci\u00e9t\u00e9 civile, ne fera que renforcer les obstacles \u00e0 l&rsquo;acc\u00e8s \u00e0 la justice, d\u00e9j\u00e0 difficilement surmontables pour une majorit\u00e9 des citoyens en Belgique. Pour favoriser l\u2019acc\u00e8s \u00e0 la justice pour tous, investissez dans la justice !<\/p>\n","protected":false},"author":2,"featured_media":58,"comment_status":"open","ping_status":"open","sticky":false,"template":"","format":"standard","meta":{"footnotes":""},"categories":[8],"tags":[27,33],"class_list":["post-30","post","type-post","status-publish","format-standard","has-post-thumbnail","hentry","category-social","tag-financement","tag-justice"],"_links":{"self":[{"href":"https:\/\/www.gsara.tv\/bizbizboum\/index.php\/wp-json\/wp\/v2\/posts\/30","targetHints":{"allow":["GET"]}}],"collection":[{"href":"https:\/\/www.gsara.tv\/bizbizboum\/index.php\/wp-json\/wp\/v2\/posts"}],"about":[{"href":"https:\/\/www.gsara.tv\/bizbizboum\/index.php\/wp-json\/wp\/v2\/types\/post"}],"author":[{"embeddable":true,"href":"https:\/\/www.gsara.tv\/bizbizboum\/index.php\/wp-json\/wp\/v2\/users\/2"}],"replies":[{"embeddable":true,"href":"https:\/\/www.gsara.tv\/bizbizboum\/index.php\/wp-json\/wp\/v2\/comments?post=30"}],"version-history":[{"count":32,"href":"https:\/\/www.gsara.tv\/bizbizboum\/index.php\/wp-json\/wp\/v2\/posts\/30\/revisions"}],"predecessor-version":[{"id":341,"href":"https:\/\/www.gsara.tv\/bizbizboum\/index.php\/wp-json\/wp\/v2\/posts\/30\/revisions\/341"}],"wp:featuredmedia":[{"embeddable":true,"href":"https:\/\/www.gsara.tv\/bizbizboum\/index.php\/wp-json\/wp\/v2\/media\/58"}],"wp:attachment":[{"href":"https:\/\/www.gsara.tv\/bizbizboum\/index.php\/wp-json\/wp\/v2\/media?parent=30"}],"wp:term":[{"taxonomy":"category","embeddable":true,"href":"https:\/\/www.gsara.tv\/bizbizboum\/index.php\/wp-json\/wp\/v2\/categories?post=30"},{"taxonomy":"post_tag","embeddable":true,"href":"https:\/\/www.gsara.tv\/bizbizboum\/index.php\/wp-json\/wp\/v2\/tags?post=30"}],"curies":[{"name":"wp","href":"https:\/\/api.w.org\/{rel}","templated":true}]}}