{"id":25,"date":"2015-07-14T14:50:30","date_gmt":"2015-07-14T13:50:30","guid":{"rendered":"https:\/\/gsara.tv\/~bizbizboum\/?p=25"},"modified":"2015-09-17T13:05:52","modified_gmt":"2015-09-17T12:05:52","slug":"la-rtbf","status":"publish","type":"post","link":"https:\/\/www.gsara.tv\/bizbizboum\/index.php\/2015\/07\/14\/la-rtbf\/","title":{"rendered":"Pour de la Culture en Prime Time sur la RTBF"},"content":{"rendered":"<p><span style=\"text-decoration: underline;\"><strong>Pr\u00e9sentation du projet<\/strong><\/span><\/p>\n<p>Dans le contexte de grandes difficult\u00e9s financi\u00e8res que conna\u00eet la RTBF, la culture est l\u2019une des premi\u00e8res victimes des coupes budg\u00e9taires. Nous assistons \u00e0 une lente agonie d\u2019un certain type d\u2019approche de la culture aux heures de grande \u00e9coute sur les chaines phares (La Une, La Deux). Dans la tourmente de la concurrence et des lois du march\u00e9, l&rsquo;entreprise publique autonome \u00e0 caract\u00e8re culturel doit s\u2019aligner sur le mod\u00e8le priv\u00e9. A l\u2019heure du zapping et du pr\u00e9-formatage des esprits, la RTBF n\u2019ose plus prendre le risque de proposer au grand public des formats longs, avec un langage t\u00e9l\u00e9visuel in\u00e9dit et inattendu au service des d\u00e9bats d\u2019id\u00e9es.<br \/>\nMais ce n\u2019est pas une fatalit\u00e9\u00a0!<\/p>\n<p>Notre fabuleux patrimoine culturel et artistique mal connu doit \u00eatre remis \u00e0 l\u2019honneur et toucher\u00a0les publics plus \u00e9loign\u00e9s de la culture. A l&rsquo;\u00e8re du n\u00e9olib\u00e9ralisme triomphant, n&rsquo;est-il pas possible de r\u00e9sister \u00e0 la culture t\u00e9l\u00e9visuelle lisse et promotionnelle ? La culture doit interroger, stimuler, faire r\u00eaver, inventer. La RTBF devrait revenir au projet d&rsquo;origine lorsqu&rsquo;elle se voulait un instrument d\u2019\u00e9veil, d\u2019\u00e9mancipation et donc de participation \u00e0 l\u2019\u0153uvre d\u00e9mocratique.<\/p>\n<p>Faites une promesse de don et contribuez ainsi \u00e0 ce que la RTBF soit un v\u00e9ritable vecteur de culture, d&rsquo;\u00e9mancipation sociale, d&rsquo;enrichissement intellectuel et de d\u00e9couvertes pour le plus grand nombre. Avec votre aide, la RTBF pourrait remplir pleinement ses missions de service public d\u00e9finies par le contrat de gestion, en termes d\u2019information, de divertissement, de d\u00e9veloppement culturel, de cr\u00e9ation audiovisuelle, d\u2019\u00e9ducation permanente. Si chacun d\u2019entre nous participe \u00e0 la hauteur de ses moyens, nous pourrions aider La\u00a0Une et La Deux\u00a0\u00e0 ne plus produire et diffuser ce que l\u2019on voit partout ailleurs\u00a0!<\/p>\n<p>&nbsp;<\/p>\n<p><span style=\"text-decoration: underline;\"><strong>Qui suis-je ?<\/strong><\/span><\/p>\n<p>Je suis Fran\u00e7ois Dubois, un jeune homme de 39 ans, habitant \u00e0 Charleroi. Je travaille comme jardinier ind\u00e9pendant depuis mes 20 ans. Je suis mari\u00e9 et p\u00e8re de deux enfants, \u00e2g\u00e9s de 4 et 8 ans.<br \/>\nPassionn\u00e9 de Culture, je me rends r\u00e9guli\u00e8rement au th\u00e9\u00e2tre et au cin\u00e9ma. \u00c9tant atterr\u00e9 par la qualit\u00e9 des \u00e9missions culturelles de la Une et la Deux, j&rsquo;ai d\u00e9cid\u00e9 de r\u00e9agir et de m&rsquo;adresser aux citoyens t\u00e9l\u00e9spectateurs qui comme moi ont envie de r\u00e9agir sous peine d&rsquo;\u00e9teindre d\u00e9finitivement leur poste de t\u00e9l\u00e9vision. Je crois au Gai savoir et \u00e0 l&rsquo;\u00e9litisme pour tous ! La Culture et l&rsquo;excellence ne doivent pas \u00eatre exclusivement r\u00e9serv\u00e9es aux \u00ab\u00a0cultureux\u00a0\u00bb. Il s&rsquo;agit sans doute l\u00e0 d&rsquo;un pari utopique mais comme disait le po\u00e8te autrichien Erich Fried \u00ab\u00a0L\u2019utopie est simplement ce qui n\u2019a pas encore \u00e9t\u00e9 essay\u00e9. \u00bb<\/p>\n<p><span style=\"text-decoration: underline;\"><strong>\u00c0 quoi servira la collecte ?<\/strong><\/span><\/p>\n<p>Les besoins de financement de la RTBF sont nombreux pour viser l\u2019accomplissement de ses missions de service public. Certains postes seront privil\u00e9gi\u00e9s :<\/p>\n<p>&#8211; L&rsquo;achat de programmes documentaires de cr\u00e9ation<br \/>\n&#8211; Les apports de coproduction<br \/>\n&#8211; Les achats de droits de diffusion<br \/>\n&#8211;\u00a0La r\u00e9alisation d&rsquo;une enqu\u00eate ind\u00e9pendante sur les possibilit\u00e9s de financements alternatifs \u00e0 la publicit\u00e9 et au sponsoring<\/p>\n<p>&nbsp;<\/p>\n","protected":false},"excerpt":{"rendered":"<p>Dans le contexte de grandes difficult\u00e9s financi\u00e8res que conna\u00eet la RTBF, nous assistons \u00e0 une lente agonie d\u2019un certain type d\u2019approche de la culture. Nous croyons possible de r\u00e9sister \u00e0 la culture t\u00e9l\u00e9visuelle lisse, distrayante, promotionnelle.<\/p>\n","protected":false},"author":2,"featured_media":182,"comment_status":"open","ping_status":"open","sticky":false,"template":"","format":"standard","meta":{"footnotes":""},"categories":[3],"tags":[32,41,42,40],"class_list":["post-25","post","type-post","status-publish","format-standard","has-post-thumbnail","hentry","category-culture","tag-crowdfunding","tag-culture","tag-prime-time","tag-rtbf"],"_links":{"self":[{"href":"https:\/\/www.gsara.tv\/bizbizboum\/index.php\/wp-json\/wp\/v2\/posts\/25","targetHints":{"allow":["GET"]}}],"collection":[{"href":"https:\/\/www.gsara.tv\/bizbizboum\/index.php\/wp-json\/wp\/v2\/posts"}],"about":[{"href":"https:\/\/www.gsara.tv\/bizbizboum\/index.php\/wp-json\/wp\/v2\/types\/post"}],"author":[{"embeddable":true,"href":"https:\/\/www.gsara.tv\/bizbizboum\/index.php\/wp-json\/wp\/v2\/users\/2"}],"replies":[{"embeddable":true,"href":"https:\/\/www.gsara.tv\/bizbizboum\/index.php\/wp-json\/wp\/v2\/comments?post=25"}],"version-history":[{"count":19,"href":"https:\/\/www.gsara.tv\/bizbizboum\/index.php\/wp-json\/wp\/v2\/posts\/25\/revisions"}],"predecessor-version":[{"id":346,"href":"https:\/\/www.gsara.tv\/bizbizboum\/index.php\/wp-json\/wp\/v2\/posts\/25\/revisions\/346"}],"wp:featuredmedia":[{"embeddable":true,"href":"https:\/\/www.gsara.tv\/bizbizboum\/index.php\/wp-json\/wp\/v2\/media\/182"}],"wp:attachment":[{"href":"https:\/\/www.gsara.tv\/bizbizboum\/index.php\/wp-json\/wp\/v2\/media?parent=25"}],"wp:term":[{"taxonomy":"category","embeddable":true,"href":"https:\/\/www.gsara.tv\/bizbizboum\/index.php\/wp-json\/wp\/v2\/categories?post=25"},{"taxonomy":"post_tag","embeddable":true,"href":"https:\/\/www.gsara.tv\/bizbizboum\/index.php\/wp-json\/wp\/v2\/tags?post=25"}],"curies":[{"name":"wp","href":"https:\/\/api.w.org\/{rel}","templated":true}]}}